{"id":1188,"date":"2026-01-13T15:59:16","date_gmt":"2026-01-13T18:59:16","guid":{"rendered":"https:\/\/desmontedoestado.com\/?p=1188"},"modified":"2026-01-13T16:29:45","modified_gmt":"2026-01-13T19:29:45","slug":"a-reconstrucao-do-pais-no-14-um-trimestre-extremamente-agitado","status":"publish","type":"post","link":"http:\/\/desmontedoestado.com\/?p=1188","title":{"rendered":"A Reconstru\u00e7\u00e3o do Pa\u00eds n\u00ba 14 &#8211; Um Trimestre Extremamente Agitado"},"content":{"rendered":"\t\t<div data-elementor-type=\"wp-post\" data-elementor-id=\"1188\" class=\"elementor elementor-1188\">\n\t\t\t\t\t\t<section class=\"elementor-section elementor-top-section elementor-element elementor-element-76ad2da elementor-section-boxed elementor-section-height-default elementor-section-height-default\" data-id=\"76ad2da\" data-element_type=\"section\" data-e-type=\"section\">\n\t\t\t\t\t\t<div class=\"elementor-container elementor-column-gap-default\">\n\t\t\t\t\t<div class=\"elementor-column elementor-col-100 elementor-top-column elementor-element elementor-element-08155e4\" data-id=\"08155e4\" data-element_type=\"column\" data-e-type=\"column\">\n\t\t\t<div class=\"elementor-widget-wrap elementor-element-populated\">\n\t\t\t\t\t\t<div class=\"elementor-element elementor-element-2c7857c elementor-widget elementor-widget-text-editor\" data-id=\"2c7857c\" data-element_type=\"widget\" data-e-type=\"widget\" data-widget_type=\"text-editor.default\">\n\t\t\t\t<div class=\"elementor-widget-container\">\n\t\t\t\t\t\t\t\t\t<p>Este trimestre,\u00a0 especialmente\u00a0 seu final, foi repleto\u00a0 de eventos importantes, com reflexos, por vezes,\u00a0 na pr\u00f3pria \u201cReconstru\u00e7\u00e3o\u201d, A prop\u00f3sito, cabe mencionar:\u00a0\u00a0\u00a0\u00a0<\/p><ul><li>Ao final de outubro, ocorreu uma mega-opera\u00e7\u00e3o da Pol\u00edcia do Rio de Janeiro \u00a0nos Complexos da Penha \u00a0e do Alem\u00e3o que resultou na morte de\u00a0 122 bandidos e de quatro policiais. Ocorreram v\u00e1rias cr\u00edticas a tal Opera\u00e7\u00e3o e \u00e0 forma com que foi realizada. Sua espetacularidade chegou a ser relacionada \u00e0 necropol\u00edtica, no caso, ao desejo de criar-se um fato pol\u00edco-eleitoral de interesse do governador Cl\u00e1udio Castro<\/li><li>Estourou o grande esc\u00e2ndalo do Banco Master, \u00a0ap\u00f3s \u00a0reveladas irregularidades financeiras, resultando em uma fraude de R$ 12,2 bilh\u00f5es. O Banco\u00a0 foi liquidado \u00a0pelo Banco \u00a0Central, em novembro de 2025. O assunto, sob segredo de justi\u00e7a,\u00a0 ora \u00e9 investigado no STF, pelo\u00a0\u00a0 Min. Dias Toffoli.<\/li><li>Foi aprovado pelo Senado, no dia 25 de novembro, projeto de combate \u00e0s fac\u00e7\u00f5es criminosas (PL.5.582\/2025), elaborado originalmente pelo Governo. Tal PL, gra\u00e7as a manobra esp\u00faria do Presidente da C\u00e2mara Hugo Motta, \u00a0acabou relatado, naquela Casa Legislativa (em sua sexta vers\u00e3o), pelo dep. Guilherme Derrite, homem de confian\u00e7a do governador de S\u00e3o Paulo, Tarc\u00edsio de Freitas, Cabe indicar que os textos iniciais apresentados pelo Relator tinham como \u00f3bvio pbjetivo \u00a0a redu\u00e7\u00e3o do alcance da Pol\u00edcia Federal e a limita\u00e7\u00e3o de \u00a0recursos a ela destinados. Derrite, antes de reintegrar-se \u00e0 C\u00e2mara para desincumbir-se da mencionada\u00a0 relatoria, era\u00a0 o Secret\u00e1rio\u00a0 de Seguran\u00e7a \u00a0P\u00fablica daquele Estado.<\/li><li>Na sequ\u00eancia, \u00a0cabe relatar a\u00a0 crise entre Governo\u00a0 Federal e\u00a0 Senado (in\u00edcio de dezembro), provocada pela incompreens\u00edvel rea\u00e7\u00e3o do presidente do Senado \u00a0Davi Alcolumbre \u00e0 indica\u00e7\u00e3o\u00a0 do Ministro Jorge Messias para o STF, indica\u00e7\u00e3o que, constitucionalmente, cabe ao Presidente da Rep\u00fablica.<\/li><li>O Presidente da Alerj \u2013 Rodrigo Bacellar \u2013 \u00a0foi preso \u00a0no dia 3 de dezembro, devido a vazamento de informa\u00e7\u00f5es sigilosas relativas \u00e0 execu\u00e7\u00e3o da Opera\u00e7\u00e3o Unha e Carne da PF, fato\u00a0 \u00a0que acabou\u00a0 impedindo a\u00a0\u00a0 pris\u00e3o do dep. estadual TH J\u00f3ias,\u00a0 ligado ao Comando Vermelho. Bacellar foi afastado da Presid\u00eancia da Alerj mas, ap\u00f3s vota\u00e7\u00e3o l\u00e1 ocorrida, foi solto e passou a usar tornozeleira eletr\u00f4nica, entre outras restri\u00e7\u00f5es. Logo em seguida, ocorreu a pris\u00e3o do desembargador do TRF-2, Mac\u00e1rio\u00a0 Neto, acusado de ser a fonte inicial de tal vazamento.\u00a0 Ali\u00e1s, est\u00e1 sendo ressaltada a amizade de \u00a0Bacellar e do \u00a0Mac\u00e1rio com o gov, Cl\u00e1udio Castro. \u00c9 poss\u00edvel que, comprovado o envolvimento dos dois com \u00a0o Comando Vermelho, as esp\u00farias liga\u00e7\u00f5es entre o Poder P\u00fablico e \u00a0tal \u00a0fac\u00e7\u00e3o, no Rio de Janeiro, venham, agora, a respingar no\u00a0 Executivo estadual .<\/li><li>No dia 12, \u00a0foi formalmente informada, pelo Governo norte-americano, a retirada do Min. Alexandre de Moraes \u00a0e \u00a0de sua esposa, da lista\u00a0 de sancionados pela lei Magnitsky. Tal decis\u00e3o, bem como a retirada das sobretaxas aplicadas ao Pa\u00eds, ocorrida anteriormente, constitu\u00edram-se rudes golpes ao bolsonarismo.<\/li><li>Ainda no dia 12, teve lugar\u00a0 o in\u00edcio de investiga\u00e7\u00f5es determinadas pelo Min. Fl\u00e1vio\u00a0 Dino (STF) sobre a Sra. Mari\u00e2ngela Fialek, conhecida como Tuca, ex-assessora t\u00e9cnica de Arthur Lira durante a presid\u00eancia dele da C\u00e2mara dos Deputados\u00a0 e que continuou na fun\u00e7\u00e3o sob a presid\u00eancia de Hugo Motta. Foram autorizados\u00a0 mandatos de busca e apreens\u00e3o\u00a0 na resid\u00eancia da funcion\u00e1ria, visando apurar\u00a0 supostos desvios na destina\u00e7\u00e3o das referidas e emendas.\u00a0 Ela \u00e9 considerada\u00a0 pe\u00e7a-chave no processo de organiza\u00e7\u00e3o das indica\u00e7\u00f5es das emendas parlamentares ao Or\u00e7amento.<\/li><li>Tamb\u00e9m em tal data,\u00a0 foram alvos de busca e apreens\u00e3o, pela PF, visando apurar\u00a0 o desvio de recursos p\u00fablicos oriundos de cotas parlamentares, o\u00a0 l\u00edder do PL na C\u00e2mara dos deputados, dep. S\u00f3stenes Cavalcante (PL\/RJ), e o dep. Carlos Jordy (PI-RJ). O dep. S\u00f3stenes alegou que os 470 mil reais em dinheiro vivo encontrados em seu flat deviam-se \u00e0 venda de um im\u00f3vel de\u00a0 sua propriedade e que ele havia esquecido de depositar a import\u00e2ncia em banco .<\/li><li>No dia 14, a dep. Carla Zambelli (PL-SP), \u00a0ora presa na It\u00e1lia, renunciou ao cargo\u00a0 e perdeu o mandato, cumprindo-se determina\u00e7\u00e3o do STF. Quatro dias ap\u00f3s, mais dois deputados tiveram seus mandatos cassados, dessa feita, pela\u00a0\u00a0Mesa Diretora \u00a0da \u00a0C\u00e2mara:\u00a0 Eduardo Bolsonaro \u00a0(PL-)RJ) \u00a0\u00a0e\u00a0\u00a0 Alexandre\u00a0\u00a0\u00a0Ramagem, (PL-RJ)) , ora\u00a0 foragido nos Esatados Unidos .\u00a0 No\u00a0 primeiro \u00a0caso,\u00a0 , por\u00a0 j\u00e1 \u00a0ter\u00a0\u00a0ultrapassado \u00a0o limite de faltas previsto na Constitui\u00e7\u00e3o;\u00a0 com respeito a Ramagem, os ministros da 1\u00aa Turma entenderam que ele n\u00e3o poder\u00e1 comparecer \u00e0s sess\u00f5es da C\u00e2mara em 2026 ao ficar preso e, por isso, decretaram a perda do seu mandato.<\/li><li>No dia 16 de dezembro,\u00a0 a 1\u00aa turma do STF terminou o julgamento\u00a0 dos\u00a0 seis r\u00e9us que integraram o N\u00facleo 2 (Gerenciamento de A\u00e7\u00f5es)\u00a0 encerrando-se o julgamento da trama golpista.<\/li><li>No dia 17,\u00a0 o Senado aprovou o chamado \u201cPL\u00a0 da Dosimetria\u201d (PL 2.162\/23), que reduz as penas de Bolsonaro e dos demais condenados pela tentativa de golpe de estado.\u00a0 Desde o in\u00edcio da tramita\u00e7\u00e3o, na C\u00e2mara, ficou muito evidente que a motiva\u00e7\u00e3o maior era a redu\u00e7\u00e3o da pena aplicada ao ex-Presidente Bolsonaro, Ap\u00f3s\u00a0 emenda apresentada pelo\u00a0 sen . Moro, foi efetuada uma manobra para evitar que o texto voltasse para aprecia\u00e7\u00e3o na C\u00e2mara. Sabe-se, agora, que ocorreram press\u00f5es dos Estados Unidos a favor da aprova\u00e7\u00e3o do Projeto (ver not\u00edcia datada 19 DEZ, no Anexo). O assunto ainda ter\u00e1 desdobramentos em 2026, sendo previsto o veto presidencial e a judicializa\u00e7\u00e3o da mat\u00e9ria junto ao STF.<\/li><\/ul><ul><li style=\"font-weight: 400;\"><p>Encerra-se esta apresenta\u00e7\u00e3o de \u201cfatos not\u00e1veis\u201d, com\u00a0 a tentativa, que \u00e9 dos dias recentes, de desmoralizar o Min, Alexandre de Moraes, em movimento coordenado com setores da Imprensa, tudo com o prop\u00f3sito maior, ao que tudo indica, \u00a0de desgastar o STF.<\/p><\/li><\/ul><p style=\"font-weight: 400;\">No pr\u00f3ximo trimestre j\u00e1 come\u00e7ar\u00e1 a campanha presidencial. Felizmente, os bons indicadores econ\u00f4micos est\u00e3o a favorecer um quarto mandato do Lula a exercer-se\u00a0\u2013\u00a0se Deus quiser\u00a0 \u2013\u00a0 com um novo Congresso menos t\u00f3xico &#8230; \u00a0Vale a pena real\u00e7ar algumas das\u00a0 maiores conquistas obtidas por Lula em seu atual governo, al\u00e9m de retirar o Pa\u00eds, pela segunda vez, do Mapa da Fome: menor taxa m\u00e9dia de desemprego \u2013 6,4% \u00a0\u2013 desde 2012, quando os dados come\u00e7aram a ser relacionados pelo IBGE; do in\u00edcio de 2023 at\u00e9 o \u00faltimo m\u00eas de setembro, o rendimento m\u00e9dio real dos brasileiros passou de R$ 3.198 para R$ 3.574, tamb\u00e9m batendo recorde da s\u00e9rie hist\u00f3rica (com a isen\u00e7\u00e3o do Imposto de Renda para quem ganha at\u00e9 R$ 5 mil, a estimativa \u00e9 que a renda m\u00e9dia no pa\u00eds continue em crescimento em 2026); ser\u00e1 entregue a menor infla\u00e7\u00e3o quadrianual da hist\u00f3ria do Brasil; em um balan\u00e7o do \u00cdndice de Pre\u00e7os ao Consumidor Amplo (IPCA)\u00a0 a infla\u00e7\u00e3o no governo Lula-3 \u00e9 projetada em 19,7% (o recorde anterior ocorreu no governo Lula-2, quando o IPCA acumulou 22,2%).<\/p><p style=\"font-weight: 400;\">\u00a0\u00a0\u00a0 Sobre a pr\u00f3xima campanha presidencial, a preocupa\u00e7\u00e3o que ganha corpo no Pal\u00e1cio do Planalto diz respeito a uma poss\u00edvel interfer\u00eancia dos Estados Unidos no processo eleitoral. Ser\u00e1 que a \u201cqu\u00edmica\u201d Lula x Trump ser\u00e1 forte o suficiente para impedir a\u00e7\u00f5es que visem favorecer o candidato da direita\/extrema direita na pr\u00f3xima corrida presidencial? S\u00e3o avaliados riscos de que os Estados Unidos venham a adotar, em coer\u00eancia, ali\u00e1s, com sua nova\u00a0\u00a0Estrat\u00e9gia de Seguran\u00e7a Nacional\u00a0<strong>\u00a0<\/strong>\u2013\u00a0que amea\u00e7a retomar a vetusta Doutrina Monroe, para a Am\u00e9rica do Sul\u00a0\u2013\u00a0\u00a0estrat\u00e9gias semelhantes \u00e0s \u00a0adotadas anteriormente em rela\u00e7\u00e3o a pa\u00edses de muito menor import\u00e2ncia pol\u00edtica e geopol\u00edtica (ver not\u00edcia de 24 DEZ, no anexo). \u00a0Ali\u00e1s, as reconhecidas interveni\u00eancias norte-americanas no Congresso, a favor da aprova\u00e7\u00e3o do projeto de dosimetria (diminui\u00e7\u00e3o das penas aos punidos pela recente tentativa de\u00a0golpe de estado) constituem-se sinais nada alvissareiros &#8230;<\/p><p style=\"font-weight: 400;\">Em \u00e2mbito externo, as not\u00edcias s\u00e3o inquietantes, cabendo mencionar o atual estado de beliger\u00e2ncia \u00a0entre os Estados Unidos e a Venezuela, com todo o seu \u00a0\u00a0potencial de desestabiliza\u00e7\u00e3o \u00a0do subcontinente, com reflexos diretos em \u00a0nosso Pa\u00eds. De fato, n\u00e3o obstante a menor simpatia que se tenha por Nicol\u00e1s Maduro, \u00a0a postura norte-americana representa uma amea\u00e7a a toda a Am\u00e9rica do Sul, talvez \u00a0amea\u00e7a maior ao nosso pr\u00f3prio pa\u00eds, haja vista a pr\u00f3xima elei\u00e7\u00e3o presidencial e o peso geopol\u00edtico do Brasil na Am\u00e9rica do Sul.\u00a0<\/p><p style=\"font-weight: 400;\">Abre-se um par\u00eanteses para expressar uma opini\u00e3o sobre\u00a0 assunto \u00a0que decepciona: acho lament\u00e1vel a atua\u00e7\u00e3o da Marinha norte-americana no epis\u00f3dio. De um Armada cheia de gl\u00f3ria e vit\u00f3rias\u00a0<strong>\u2013<\/strong>, recordemo-nos, por exemplo,\u00a0 do\u00a0\u00a0 afundamento de quatro navios-aer\u00f3dromos japoneses na batalha de Midway\u00a0<strong>\u2013<\/strong>, ela ora se transforma em uma Marinha que \u00e9 empregada para \u00a0afundar \u00a0impiedosamente pequenos barcos \u00a0encontrados no mar, por suspeita de transporte de drogas, sem qualquer verifica\u00e7\u00e3o pr\u00e9via (mais de 30 j\u00e1 foram destru\u00eddas). Pior ainda, o abate, a tiros, dos \u00a0mais de 100 sobreviventes \u00e0s primeiras explos\u00f5es, que conseguiram atirar-se ao mar . Tais atos s\u00e3o crimes de guerra que deslustram qualquer for\u00e7a armada e seu pa\u00eds de origem!\u00a0 A pr\u00f3pria apreens\u00e3o de \u00a0petroleiros venezuelanos, em fun\u00e7\u00e3o de bloqueio estabelecido pelos Estados Unidos, contraria o Direito Internacional. A posi\u00e7\u00e3o do Brasil expressa no Conselho de Seguran\u00e7a por seu representante\u00a0 na ONU \u2013 Embaixador S\u00e9rio Danese\u00a0\u2013\u00a0foi muito clara: \u201c<em>A for\u00e7a militar reunida e mantida pelos Estados Unidos nas proximidades da Venezuela e o bloqueio naval recentemente anunciado constituem viola\u00e7\u00f5es da Carta das Na\u00e7\u00f5es Unidas. Portanto, devem cessar imediata e incondicionalmente em favor da utiliza\u00e7\u00e3o dos instrumentos pol\u00edticos e jur\u00eddicos amplamente dispon\u00edveis\u201d.<\/em><\/p><p style=\"font-weight: 400;\">Os pr\u00f3ximos meses ser\u00e3o de grande import\u00e2ncia para os rumos democr\u00e1ticos em nosso Pa\u00eds \u00a0e na Am\u00e9rica do Sul!<\/p><p style=\"font-weight: 400;\">Esperando que os amigos tenham tido uma feliz e santa Noite de Natal, ao lado dos que lhe s\u00e3o mais caros e aproveitando o ensejo para tamb\u00e9m formular votos de um venturoso 2026, com muita sa\u00fade, despede-se, cordialmente,<\/p><p style=\"font-weight: 400;\"><strong>Luiz Philippe da Costa Fernandes<\/strong><\/p><p style=\"font-weight: 400;\">\u00a0PS \u2013 Recordando: em rela\u00e7\u00e3o ao Anexo, o que se\u00a0 imagina \u00e9 que o leitor, em relance, \u00a0verifique a variedade de assuntos selecionados no trimestre. O interesse por cada not\u00edcia pode ser ampliado com a leitura de seu resumo por mim providenciado. Finalmente, em caso de especial curiosidade, sua\u00a0integra\u00a0pode ser lida com o uso do Google, a partir de cada t\u00edtulo.<\/p>\t\t\t\t\t\t\t\t<\/div>\n\t\t\t\t<\/div>\n\t\t\t\t\t<\/div>\n\t\t<\/div>\n\t\t\t\t\t<\/div>\n\t\t<\/section>\n\t\t\t\t<section class=\"elementor-section elementor-top-section elementor-element elementor-element-f501623 elementor-section-boxed elementor-section-height-default elementor-section-height-default\" data-id=\"f501623\" data-element_type=\"section\" data-e-type=\"section\">\n\t\t\t\t\t\t<div class=\"elementor-container elementor-column-gap-default\">\n\t\t\t\t\t<div class=\"elementor-column elementor-col-100 elementor-top-column elementor-element elementor-element-b2d8c7a\" data-id=\"b2d8c7a\" data-element_type=\"column\" data-e-type=\"column\">\n\t\t\t<div class=\"elementor-widget-wrap elementor-element-populated\">\n\t\t\t\t\t\t<div class=\"elementor-element elementor-element-fc1a1d4 elementor-widget elementor-widget-text-editor\" data-id=\"fc1a1d4\" data-element_type=\"widget\" data-e-type=\"widget\" data-widget_type=\"text-editor.default\">\n\t\t\t\t<div class=\"elementor-widget-container\">\n\t\t\t\t\t\t\t\t\t<p><strong>ARTIGOS SELECIONADOS PARA A \u201cRECONSTRU\u00c7\u00c3O &#8230;\u201d\u00a0 N\u00ba 14 (OUT-DEZ\/25)<\/strong><\/p><p><strong>&#8211; \u201cTarifa\u00e7o: Trump retira taxa extra de 40% de caf\u00e9, carnes e outros produtos agr\u00edcolas brasileiros\u201d \u2013 21 NOV.<br \/>\u201c<\/strong>Os\u00a0Estados Unidos\u00a0anunciaram, nesta quinta-feira (21), a retirada da tarifa extra de 40% aplicada a alguns produtos brasileiros. &#8230; A lista inclui carnes, caf\u00e9, a\u00e7a\u00ed, coco, castanhas e outros produtos agr\u00edcolas. O presidente\u00a0&#8230; Trump\u00a0j\u00e1 havia anunciado, na semana passada, a\u00a0redu\u00e7\u00e3o de tarifas de importa\u00e7\u00e3o de cerca de 200 produtos aliment\u00edcios\u00a0<strong>\u2013<\/strong> entre eles, caf\u00e9, carne, banana e a\u00e7a\u00ed. A medida beneficiou em parte o Brasil, j\u00e1 que as taxas ca\u00edram de 50% para 40% na ocasi\u00e3o. Agora, a tarifa fica zerada para produtos inclu\u00eddos na nova decis\u00e3o.\u201d<\/p><p><strong>&#8211; \u201c<\/strong>\u2018<strong>IR zero e taxa\u00e7\u00e3o dos super-ricos refor\u00e7am narrativa de Lula e podem ampliar sua base popular\u2019, avalia Renato Meirelles\u201d \u2013 06 OUT<\/strong>. <br \/>\u201cPresidente do Instituto Locomotiva afirma que as medidas fortalecem a imagem de Lula e podem consolidar sua recupera\u00e7\u00e3o de popularidade. A aprova\u00e7\u00e3o da isen\u00e7\u00e3o do Imposto de Renda para quem ganha at\u00e9 R$ 5 mil e da taxa\u00e7\u00e3o m\u00ednima sobre os super-ricos pode se transformar em um divisor de \u00e1guas para a popularidade do presidente Lula &#8230;. A an\u00e1lise \u00e9 [do] presidente do Instituto Locomotiva &#8230; Segundo ele, a combina\u00e7\u00e3o das duas medidas econ\u00f4micas tem um potencial pol\u00edtico muito maior do que o de simples ajustes tribut\u00e1rios: trata-se de um s\u00edmbolo claro de redistribui\u00e7\u00e3o de renda e de retomada da narrativa de justi\u00e7a social que sempre marcou os governos do PT.\u201d<\/p><p><strong>&#8211; \u201cIBP diz que licen\u00e7a na Margem Equatorial fortalece soberania energ\u00e9tica e desenvolvimento no Norte\u201d \u2013 21 OUT. <br \/>\u201c<\/strong>O Instituto Brasileiro de Petr\u00f3leo e G\u00e1s (IBP) divulgou nota em que comemora a autoriza\u00e7\u00e3o do Ibama para que a Petrobras realize a perfura\u00e7\u00e3o do po\u00e7o explorat\u00f3rio FZA-M-059, na Margem Equatorial, pr\u00f3ximo \u00e0 costa do Amap\u00e1. A manifesta\u00e7\u00e3o da entidade foi publicada &#8230; ap\u00f3s o an\u00fancio oficial do governo federal e da Petrobras. \u2018Esta \u00e9 uma decis\u00e3o importante que permitir\u00e1 ao pa\u00eds conhecer melhor o potencial de suas reservas, apoiando a seguran\u00e7a energ\u00e9tica e o desenvolvimento socioecon\u00f4mico da Regi\u00e3o Norte\u2019, afirmou o presidente do IBP, Roberto Ardenghy. Segundo o IBP, a licen\u00e7a representa um passo estrat\u00e9gico para o Brasil diante do decl\u00ednio natural esperado das principais \u00e1reas produtoras do pa\u00eds\u00a0 <strong>\u2013 <\/strong>as bacias de Campos e Santos <strong>\u2013<\/strong> a partir da d\u00e9cada de 2030. A entidade cita estudo da Empresa de Pesquisa Energ\u00e9tica (EPE) segundo o qual a reposi\u00e7\u00e3o de reservas \u00e9 uma necessidade estrat\u00e9gica para evitar perda de capacidade produtiva.\u201d<\/p><p><strong>&#8211; \u201cReforma Casa Brasil: &#8216;todos poder\u00e3o acessar o cr\u00e9dito para fazer a obra&#8217;, diz ministro\u201d \u2013 21 OUT. <br \/>\u201c<\/strong>O ministro das Cidades, Jader Filho, detalhou nesta ter\u00e7a-feira (21) o funcionamento do Reforma Casa Brasil, programa habitacional lan\u00e7ado na segunda-feira (20). A iniciativa prev\u00ea a libera\u00e7\u00e3o de R$ 40 bilh\u00f5es em cr\u00e9dito para reformas residenciais em todo o pa\u00eds. Segundo o ministro, a proposta complementa o Minha Casa, Minha Vida, que atende \u00e0 demanda por novas moradias.\u00a0\u2018Mas quando a gente fala de d\u00e9ficit habitacional, tem fam\u00edlias que n\u00e3o querem uma casa. O que elas querem \u00e9 poder reformar sua casa, construir um banheiro, fazer um c\u00f4modo novo, rebocar a sua parede. E foi a pedido do presidente Lula que n\u00f3s trabalhamos nisso\u2019, afirmou Jader Filho em entrevista ao programa Bom Dia, Ministro &#8230; \u201c<\/p><p><strong>&#8211; \u201cPortos do Brasil batem recorde hist\u00f3rico de movimenta\u00e7\u00e3o de cargas no 3\u00ba trimestre\u201d\u00a0\u00a0 <\/strong><strong>\u2013 <\/strong><strong>07 NOV. <br \/>\u201c<\/strong>A movimenta\u00e7\u00e3o de cargas nos portos brasileiros atingiu um marco hist\u00f3rico no terceiro trimestre de 2025, consolidando o pa\u00eds como refer\u00eancia em efici\u00eancia portu\u00e1ria. De julho a setembro, foram movimentadas 378,2 milh\u00f5es de toneladas, o que representa um aumento de 6% em rela\u00e7\u00e3o a 2024.\u201d<\/p><p><strong>&#8211; \u201cGal\u00edpolo \u2018deixou a desejar\u2019\u00a0 e Selic em 15% \u2018\u00e9 um absurdo\u2019, diz Gleisi\u201d \u2013 07 NOV. <br \/><\/strong>\u201cA ministra &#8230; Gleisi Hoffmann, afirmou que o presidente do Banco Central, Gabriel Gal\u00edpolo, \u2018deixou a desejar\u2019 ao manter a taxa Selic em 15% ao ano pela terceira vez consecutiva. Em entrevista ao\u00a0<a href=\"https:\/\/www.estadao.com.br\/economia\/galipolo-deixou-a-desejar-diz-gleisi-que-esperava-corte-do-juro-pelo-banco-central\/\">Estad\u00e3o\/Broadcast<\/a>, Gleisi disse esperar que o BC leve em conta os indicadores positivos da economia brasileira para iniciar o ciclo de cortes. Na entrevista, a ministra demonstrou frustra\u00e7\u00e3o com a decis\u00e3o do Comit\u00ea de Pol\u00edtica Monet\u00e1ria (Copom). \u2018Eu acho que deixou a desejar, entendeu? O Gal\u00edpolo. deixou a desejar\u2019, declarou, Ao criticar a postura da autoridade monet\u00e1ria diante dos dados econ\u00f4micos recentes. Gleisi\u00a0 argumentou que o cen\u00e1rio atual <strong>\u2013<\/strong> com crescimento do PIB, gera\u00e7\u00e3o de empregos e infla\u00e7\u00e3o controlada <strong>\u2013<\/strong> justifica uma pol\u00edtica monet\u00e1ria menos r\u00edgida: \u2018voc\u00ea tem o Brasil crescendo, com gera\u00e7\u00e3o de emprego e infla\u00e7\u00e3o sob controle. Para que continuar com uma pol\u00edtica t\u00e3o restritiva? Isso tem impacto na nossa ind\u00fastria, no cr\u00e9dito e no crescimento do pa\u00eds\u2019, afirmou. \u201c<\/p><pre><em>N\u00e3o vejo diferen\u00e7a maior entre Gal\u00edpolo e seu antecessor\u00a0 \u2013 Campos Neto. Em comum, o mesma aten\u00e7\u00e3o priorit\u00e1ria aos interesses\u00a0 dos bancos,\u00a0 do chamado Mercado\u00a0 e dos rentistas, em desfavor do\u00a0 Estado Brasileiro. <\/em><\/pre><p><strong>&#8211; \u201cCom R$ 200 bilh\u00f5es de investimento, Data Center do TikTok no Cear\u00e1 ser\u00e1 o maior do Brasil\u201d \u2013 03 DEZ. <br \/>\u201c<\/strong>O Data Center do Tik Tok no Cear\u00e1 &#8230; ter\u00e1 mais de R$ 200 bilh\u00f5es em investimento privado. O an\u00fancio do aporte para o empreendimento, maior do Brasil e o primeiro da empresa na Am\u00e9rica Latina, foi feito &#8230; \u00a0com a presen\u00e7a do presidente Lula, nesta quarta-feira (3), em Fortaleza. Focado na exporta\u00e7\u00e3o do servi\u00e7o, o Data Center ser\u00e1 instalado na Zona de Processamento para Exporta\u00e7\u00e3o (ZPE) do Complexo Industrial e Portu\u00e1rio do Pec\u00e9m (CIPP). A fase de obra e a opera\u00e7\u00e3o devem gerar mais de 4 mil empregos, entre tempor\u00e1rios e permanentes. &#8230; \u2018Hoje \u00e9 um dia hist\u00f3rico para o Cear\u00e1. &#8230; \u00a0O Data Center que estamos falando tem m\u00e9dia salarial de R$ 5 mil. Al\u00e9m de tudo, tamb\u00e9m iremos tratar a \u00e1gua de esgoto de Fortaleza e de sua Regi\u00e3o Metropolitana, fazendo assim uma solu\u00e7\u00e3o ambientalmente equilibrada. As empresas, ainda, est\u00e3o obrigadas a investir R$ 15 milh\u00f5es por ano para o desenvolvimento das comunidades que moram no entorno do Complexo do Pec\u00e9m\u2019, destacou o governador Elmano de Freitas. O empreendimento coloca o Brasil como polo estrat\u00e9gico fundamental para a expans\u00e3o da infraestrutura de tecnologia da empresa na regi\u00e3o. &#8230; O Data Center ser\u00e1 abastecido exclusivamente por energia 100% renov\u00e1vel. Nenhuma energia ser\u00e1 retirada da rede el\u00e9trica atual, ou seja, n\u00e3o compete com o consumo residencial e comercial do Cear\u00e1. &#8230;\u00a0 Outro destaque \u00e9 que o Data Center usar\u00e1 tecnologia de resfriamento que n\u00e3o utiliza \u00e1gua. Toda a refrigera\u00e7\u00e3o dos equipamentos ser\u00e1 feita por sistemas 100% baseados em ar, com alta efici\u00eancia energ\u00e9tica. Assim, o consumo de \u00e1gua da instala\u00e7\u00e3o ser\u00e1 muito baixo e restrito a uso humano (banheiros, cozinha, limpeza) &#8230; \u201d<\/p><p><strong>&#8211; <\/strong><strong>\u201cNova doutrina de seguran\u00e7a de Trump explicita imperialismo e busca pelo controle das Am\u00e9ricas &#8211;\u00a0 <\/strong><strong>Estrat\u00e9gia nacional do atual presidente dos Estados Unidos resgata a Doutrina Monroe e refor\u00e7a ambi\u00e7\u00f5es militares no Hemisf\u00e9rio Ocidental<\/strong><strong>\u201d \u2013 06 DEZ. <br \/>\u201c<\/strong><strong>\u00a0<\/strong>A nova Estrat\u00e9gia de Seguran\u00e7a Nacional dos Estados Unidos &#8230;\u00a0 apresenta uma guinada agressiva na pol\u00edtica externa do presidente &#8230;Trump, reafirmando ambi\u00e7\u00f5es hist\u00f3ricas de supremacia norte-americana no continente americano. O documento,&#8230; destacou a inten\u00e7\u00e3o expl\u00edcita de recuperar a antiga Doutrina Monroe, concebida no s\u00e9culo 19 para declarar o Hemisf\u00e9rio Ocidental como \u00e1rea de influ\u00eancia exclusiva de Washington .O texto define o conceito de \u2018realismo flex\u00edvel\u2019 como eixo da vis\u00e3o estrat\u00e9gica de Trump e afirma que a pol\u00edtica externa do presidente \u00e9 \u2018motivada acima de tudo pelo que funciona para a Am\u00e9rica\u2019. Segundo o documento, os Estados Unidos devem\u00a0\u2018restaurar a preemin\u00eancia americana\u2019\u00a0na regi\u00e3o e colocar as Am\u00e9ricas no topo das prioridades do governo&#8230;. sinalizando que o robusto aumento da presen\u00e7a militar norte-americana no Caribe n\u00e3o ser\u00e1 tempor\u00e1rio<em>. <\/em>Desde que Trump assumiu o mandato, cr\u00edticas se intensificaram diante de sua ret\u00f3rica considerada imperialista. Ele chegou a mencionar, de forma vaga, ideias como retomar o Canal do Panam\u00e1 e anexar a Groenl\u00e2ndia e o Canad\u00e1. Mais recentemente, a mobiliza\u00e7\u00e3o militar na regi\u00e3o [do Caribe] refor\u00e7ou preocupa\u00e7\u00f5es: mais de 10 mil soldados foram enviados ao Caribe, acompanhados de porta-avi\u00f5es, navios de guerra \u00a0e jatos de combate, em meio a amea\u00e7as de ataques em pa\u00edses como Venezuela e outros afetados por opera\u00e7\u00f5es de cart\u00e9is de drogas. O documento tamb\u00e9m destaca o avan\u00e7o econ\u00f4mico da China na Am\u00e9rica Latina como preocupa\u00e7\u00e3o crescente, retomando a l\u00f3gica de disputa de influ\u00eancia que marcou a Guerra Fria. &#8230;.{Para o <strong>Indo-Pac\u00edfico: refor\u00e7o militar para <\/strong><strong>conter China<\/strong> e defender Taiwan. &#8230; A Europa \u00e9 alvo de ataques e advert\u00eancias sobre \u2018apagamento civilizacional\u2019. &#8230; Ao mesmo tempo, o documento afirma que interessa aos EUA resolver rapidamente o conflito na Ucr\u00e2nia e restabelecer \u2018estabilidade estrat\u00e9gica\u2019 com a R\u00fassia &#8230;\u00a0 Nova hierarquia geopol\u00edtica: Am\u00e9ricas e Pac\u00edfico como prioridades, Europa como perdedora.\u201d<\/p><p><strong>&#8211; \u201cProdu\u00e7\u00e3o brasileira de g\u00e1s natural deve dobrar at\u00e9 2035 e garantir super\u00e1vit nacional\u201d \u2013 07 DEZ. <br \/>\u201cA<\/strong>\u00a0produ\u00e7\u00e3o brasileira de g\u00e1s natural dever\u00e1 crescer 95% nos pr\u00f3ximos dez anos, consolidando um cen\u00e1rio de oferta superavit\u00e1ria em todo o per\u00edodo at\u00e9 2035. A proje\u00e7\u00e3o est\u00e1 no\u00a0<em>Caderno de G\u00e1s Natural<\/em>\u00a0do Plano Decenal de Expans\u00e3o de Energia (PDE 2035) &#8230; \u00a0O ministro de Minas e Energia,\u00a0Alexandre Silveira, afirmou que as proje\u00e7\u00f5es confirmam a efic\u00e1cia do planejamento energ\u00e9tico conduzido pelo Governo Federal.\u00a0\u00a0De acordo com o estudo, a\u00a0produ\u00e7\u00e3o l\u00edquida\u00a0de g\u00e1s natural dever\u00e1 passar de 65\u00a0 para 127 milh\u00f5es de metros c\u00fabicos por dia, entre 2025 e 2035 <strong>\u2013<\/strong> um aumento de 95%. J\u00e1 a\u00a0oferta potencial nacional na malha integrada\u00a0crescer\u00e1 cerca de 85% no mesmo intervalo. A demanda total de g\u00e1s natural poder\u00e1 crescer\u00a06,2% ao ano\u00a0at\u00e9 2035, impulsionada principalmente pela ind\u00fastria, respons\u00e1vel por cerca de\u00a065% da demanda n\u00e3o termel\u00e9trica. &#8230; Os projetos classificados como\u00a0previstos, pr\u00f3ximos de entrar em opera\u00e7\u00e3o, totalizam\u00a0R$ 16 bilh\u00f5es.\u201d<\/p><p><strong>&#8211; \u201cGoverno Trump fez press\u00e3o a favor de PL da Dosimetria para beneficiar Bolsonaro\u201d \u2013 19 DEZ. <br \/>\u201d <\/strong>A aprova\u00e7\u00e3o do chamado PL da Dosimetria, que reduz penas e beneficia o ex-presidente Jair Bolsonaro e outros r\u00e9us pelos atos de 8 de Janeiro, foi marcada por intensa articula\u00e7\u00e3o nos bastidores e pela atua\u00e7\u00e3o direta de representantes do governo dos Estados Unidos. O projeto avan\u00e7ou no Senado em meio a um ambiente de forte press\u00e3o pol\u00edtica, interna e externa, segundo relatos de interlocutores envolvidos nas negocia\u00e7\u00f5es. &#8230;\u00a0 De acordo com a apura\u00e7\u00e3o, o vice-secret\u00e1rio de Estado norte-americano, Christopher Landau, esteve \u00e0 frente das tratativas. Ele teria feito liga\u00e7\u00f5es telef\u00f4nicas a membros do governo brasileiro, pressionando auxiliares do Pal\u00e1cio do Planalto para que a proposta avan\u00e7asse no Congresso Nacional. Em troca, foram sinalizados poss\u00edveis avan\u00e7os nas negocia\u00e7\u00f5es tarif\u00e1rias entre os dois pa\u00edses. No \u00e2mbito interno, o l\u00edder do governo Lula no Senado, Jaques Wagner (PT), confirmou que foi respons\u00e1vel por costurar o acordo pol\u00edtico que viabilizou o avan\u00e7o do PL da Dosimetria [e] reconheceu que conduziu a negocia\u00e7\u00e3o de forma aut\u00f4noma. \u2018Fiz a negocia\u00e7\u00e3o sem consultar Lula e Gleisi Hoffmann. \u2026 N\u00e3o vou esconder esse fato\u2019, &#8230; Nos bastidores do Congresso, a avalia\u00e7\u00e3o de parlamentares governistas \u00e9 de que o projeto avan\u00e7ou em um contexto de press\u00e3o incomum, com interlocutores estrangeiros demonstrando interesse direto no desfecho da vota\u00e7\u00e3o. A leitura predominante \u00e9 que o tema deixou de se restringir ao debate jur\u00eddico e passou a integrar um pacote mais amplo de negocia\u00e7\u00f5es pol\u00edticas e comerciais entre Brasil e Estados Unidos.\u201d<\/p><p><strong>&#8211; \u201cBrasil fechar\u00e1 2025 com o maior gasto anual com juros no mundo\u201d \u2013 23 DEZ. <br \/>\u201c<\/strong>O Brasil dever\u00e1 encerrar 2025 como o pa\u00eds que mais gasta com juros da d\u00edvida p\u00fablica no mundo, em propor\u00e7\u00e3o ao Produto Interno Bruto (PIB). O volume elevado de despesas financeiras reflete a combina\u00e7\u00e3o de uma d\u00edvida p\u00fablica alta com uma taxa b\u00e1sica de juros ainda em n\u00edveis extremamente elevados, mantendo o pa\u00eds em uma posi\u00e7\u00e3o desconfort\u00e1vel no cen\u00e1rio internacional. A avalia\u00e7\u00e3o consta de\u00a0an\u00e1lise publicada pelo Valor Econ\u00f4mico, com base em dados do Fundo Monet\u00e1rio Internacional (FMI) &#8230; . Segundo os n\u00fameros mais recentes, o Brasil j\u00e1 liderou o ranking global em 2024, com gastos equivalentes a 8,28% do PIB, e deve preservar essa lideran\u00e7a ao longo de 2025. Entre 153 pa\u00edses analisados, o Brasil aparece \u00e0 frente de economias como Sri Lanka, que registrou despesas financeiras equivalentes a 7,81% do PIB, Paquist\u00e3o, com 7,76%, e Bahrein, com 6,54%. Entre grandes emergentes, os n\u00fameros tamb\u00e9m s\u00e3o elevados: M\u00e9xico (6,48% do PIB), \u00c1frica do Sul (5,26%) e \u00cdndia (5,11%). Nos 12 meses encerrados em outubro, as despesas l\u00edquidas com juros &#8230;\u00a0 somaram R$ 987,2 bilh\u00f5es, o equivalente a 7,88% do PIB. Para o fechamento do ano, a expectativa \u00e9 que esse montante supere R$ 1 trilh\u00e3o, alcan\u00e7ando cerca de 8% do PIB.\u201d\u00a0<\/p><pre><em>Vale parafrasear uma frase\u00a0 famosa: \u201cOu o Brasil acaba com o Gal\u00edpolo ou o Galipolo acaba com o Brasil\u201d...<\/em>\u00a0\u00a0<\/pre><p><strong>&#8211; \u201cGoverno Lula v\u00ea risco de interfer\u00eancia de Trump na elei\u00e7\u00e3o brasileira de 2026\u201d <\/strong><strong>\u2013<\/strong><strong> 24 DEZ. <br \/><\/strong>\u201cO governo do presidente &#8230; Lula &#8230;\u00a0 avalia que a rela\u00e7\u00e3o institucional com Washington n\u00e3o elimina o risco de uma eventual interfer\u00eancia externa no processo eleitoral brasileiro de 2026. Integrantes do Pal\u00e1cio do Planalto consideram que, mesmo diante de gestos recentes de distens\u00e3o, os Estados Unidos podem adotar estrat\u00e9gias semelhantes \u00e0s observadas em elei\u00e7\u00f5es de outros pa\u00edses da Am\u00e9rica Latina. A an\u00e1lise [se baseia] em reportagem da\u00a0<strong>F<\/strong>olha de S. Paulo, que ouviu um alto funcion\u00e1rio do governo brasileiro. Segundo essa avalia\u00e7\u00e3o, o presidente dos Estados Unidos, Donald Trump, pode ter feito apenas um recuo t\u00e1tico ao retirar parte das tarifas sobre produtos brasileiros e suspender san\u00e7\u00f5es baseadas na Lei Magnitsky, ap\u00f3s a tentativa frustrada de impedir a pris\u00e3o do ex-presidente Jair Bolsonaro. No entendimento do governo brasileiro, a preocupa\u00e7\u00e3o se baseia em precedentes recentes. Na elei\u00e7\u00e3o legislativa da Argentina, Trump condicionou a libera\u00e7\u00e3o de um pacote de ajuda financeira de US$ 20 bilh\u00f5es a um bom desempenho eleitoral do partido do presidente Javier Milei. J\u00e1 em Honduras, durante o pleito presidencial, Trump apoiou publicamente o candidato da ultradireita, Nasry \u201cTito\u201d Asfura. Nesse contexto, a presidente hondurenha, Xiomara Castro, afirmou que houve um \u2018golpe eleitoral\u2019 motivado pela \u2018interfer\u00eancia do presidente dos Estados Unidos\u2019. Antes da vota\u00e7\u00e3o, Trump declarou que a candidata governista, Rixi Moncada, era comunista e que sua eventual vit\u00f3ria entregaria o pa\u00eds \u00e0 Venezuela&#8230;. O Planalto avalia que a agenda internacional ter\u00e1 um peso in\u00e9dito na disputa presidencial de 2026. A percep\u00e7\u00e3o interna \u00e9 de que Trump deve apoiar abertamente o candidato da direita brasileira, alinhado ideologicamente ao atual governo dos Estados Unidos. &#8230;\u201d<\/p><p>.<\/p>\t\t\t\t\t\t\t\t<\/div>\n\t\t\t\t<\/div>\n\t\t\t\t\t<\/div>\n\t\t<\/div>\n\t\t\t\t\t<\/div>\n\t\t<\/section>\n\t\t\t\t<\/div>\n\t\t","protected":false},"excerpt":{"rendered":"<p>Este trimestre,\u00a0 especialmente\u00a0 seu final, foi repleto\u00a0 de eventos importantes, com reflexos, por vezes,\u00a0 na pr\u00f3pria \u201cReconstru\u00e7\u00e3o\u201d, A prop\u00f3sito, cabe mencionar:\u00a0\u00a0\u00a0\u00a0 Ao final de outubro, ocorreu uma mega-opera\u00e7\u00e3o da Pol\u00edcia do Rio de Janeiro \u00a0nos Complexos da Penha \u00a0e do Alem\u00e3o que resultou na morte de\u00a0 122 bandidos e de quatro policiais. Ocorreram v\u00e1rias cr\u00edticas &hellip; <a href=\"http:\/\/desmontedoestado.com\/?p=1188\" class=\"more-link\">Continue lendo<span class=\"screen-reader-text\"> &#8220;A Reconstru\u00e7\u00e3o do Pa\u00eds n\u00ba 14 &#8211; Um Trimestre Extremamente Agitado&#8221;<\/span><\/a><\/p>\n","protected":false},"author":2,"featured_media":0,"comment_status":"open","ping_status":"open","sticky":false,"template":"","format":"standard","meta":{"footnotes":""},"categories":[1],"tags":[],"class_list":["post-1188","post","type-post","status-publish","format-standard","hentry","category-uncategorized"],"_links":{"self":[{"href":"http:\/\/desmontedoestado.com\/index.php?rest_route=\/wp\/v2\/posts\/1188","targetHints":{"allow":["GET"]}}],"collection":[{"href":"http:\/\/desmontedoestado.com\/index.php?rest_route=\/wp\/v2\/posts"}],"about":[{"href":"http:\/\/desmontedoestado.com\/index.php?rest_route=\/wp\/v2\/types\/post"}],"author":[{"embeddable":true,"href":"http:\/\/desmontedoestado.com\/index.php?rest_route=\/wp\/v2\/users\/2"}],"replies":[{"embeddable":true,"href":"http:\/\/desmontedoestado.com\/index.php?rest_route=%2Fwp%2Fv2%2Fcomments&post=1188"}],"version-history":[{"count":9,"href":"http:\/\/desmontedoestado.com\/index.php?rest_route=\/wp\/v2\/posts\/1188\/revisions"}],"predecessor-version":[{"id":1199,"href":"http:\/\/desmontedoestado.com\/index.php?rest_route=\/wp\/v2\/posts\/1188\/revisions\/1199"}],"wp:attachment":[{"href":"http:\/\/desmontedoestado.com\/index.php?rest_route=%2Fwp%2Fv2%2Fmedia&parent=1188"}],"wp:term":[{"taxonomy":"category","embeddable":true,"href":"http:\/\/desmontedoestado.com\/index.php?rest_route=%2Fwp%2Fv2%2Fcategories&post=1188"},{"taxonomy":"post_tag","embeddable":true,"href":"http:\/\/desmontedoestado.com\/index.php?rest_route=%2Fwp%2Fv2%2Ftags&post=1188"}],"curies":[{"name":"wp","href":"https:\/\/api.w.org\/{rel}","templated":true}]}}