{"id":250,"date":"2020-12-04T16:39:05","date_gmt":"2020-12-04T19:39:05","guid":{"rendered":"http:\/\/main702202.dominiotemporario.com\/?p=250"},"modified":"2020-12-11T10:20:37","modified_gmt":"2020-12-11T13:20:37","slug":"desmonte-57","status":"publish","type":"post","link":"http:\/\/desmontedoestado.com\/?p=250","title":{"rendered":"N\u00ba 57: Alguns coment\u00e1rios ao final da metade do (des)governo Bolsonaro"},"content":{"rendered":"\t\t<div data-elementor-type=\"wp-post\" data-elementor-id=\"250\" class=\"elementor elementor-250\">\n\t\t\t\t\t\t<section class=\"elementor-section elementor-top-section elementor-element elementor-element-462f7c7 elementor-section-boxed elementor-section-height-default elementor-section-height-default\" data-id=\"462f7c7\" data-element_type=\"section\" data-e-type=\"section\">\n\t\t\t\t\t\t<div class=\"elementor-container elementor-column-gap-default\">\n\t\t\t\t\t<div class=\"elementor-column elementor-col-100 elementor-top-column elementor-element elementor-element-0e08581\" data-id=\"0e08581\" data-element_type=\"column\" data-e-type=\"column\">\n\t\t\t<div class=\"elementor-widget-wrap elementor-element-populated\">\n\t\t\t\t\t\t<div class=\"elementor-element elementor-element-3255905 elementor-widget elementor-widget-heading\" data-id=\"3255905\" data-element_type=\"widget\" data-e-type=\"widget\" data-widget_type=\"heading.default\">\n\t\t\t\t<div class=\"elementor-widget-container\">\n\t\t\t\t\t<h2 class=\"elementor-heading-title elementor-size-default\">O Desmonte do Estado Brasileiro e da Soberania Nacional n\u00ba 57 \n Algumas considera\u00e7\u00f5es ao final da metade do (des)governo Bolsonaro<\/h2>\t\t\t\t<\/div>\n\t\t\t\t<\/div>\n\t\t\t\t\t<\/div>\n\t\t<\/div>\n\t\t\t\t\t<\/div>\n\t\t<\/section>\n\t\t\t\t<section class=\"elementor-section elementor-top-section elementor-element elementor-element-4390729 elementor-section-boxed elementor-section-height-default elementor-section-height-default\" data-id=\"4390729\" data-element_type=\"section\" data-e-type=\"section\">\n\t\t\t\t\t\t<div class=\"elementor-container elementor-column-gap-default\">\n\t\t\t\t\t<div class=\"elementor-column elementor-col-100 elementor-top-column elementor-element elementor-element-ddcd423\" data-id=\"ddcd423\" data-element_type=\"column\" data-e-type=\"column\">\n\t\t\t<div class=\"elementor-widget-wrap elementor-element-populated\">\n\t\t\t\t\t\t<div class=\"elementor-element elementor-element-43725c9 elementor-widget elementor-widget-text-editor\" data-id=\"43725c9\" data-element_type=\"widget\" data-e-type=\"widget\" data-widget_type=\"text-editor.default\">\n\t\t\t\t<div class=\"elementor-widget-container\">\n\t\t\t\t\t\t\t\t\t<p style=\"font-weight: 400;\"><em>Prezados leitores\/amigos,\u00a0\u00a0\u00a0\u00a0<\/em><\/p><p style=\"font-weight: 400;\"><em>Este \u00e9 o \u00faltimo Desmonte do ano. Momento de fazer um balan\u00e7o sobre o governo Bolsonaro, quando falta menos de m\u00eas para completar a metade de seu mandato. E, for\u00e7oso \u00e9 reconhecer, os resultados s\u00e3o magn\u00edficos! A adjetiva\u00e7\u00e3o n\u00e3o se refere, evidentemente, a todos os que tem bom senso, mas aos adeptos fanatizados do capit\u00e3o. Justifico: em memor\u00e1vel jantar na resid\u00eancia oficial do embaixador do Brasil em Washington, em mar\u00e7o de 2019, que contou entre os convivas com representantes da extrema-direita americana e personalidades \u201cnot\u00e1veis\u201d como Steve Bannon e Olavo de Carvalho, Bolsonaro apresentou, com muita clareza, o que talvez se constitua a preocupa\u00e7\u00e3o maior de seu (des)governo: ele veio para \u201cdesconstruir muita coisa\u201d, antes de cogitar de \u201cconstruir coisas para o nosso povo\u201d. Para tal, escolheu com extremo cuidado os auxiliares mais diretos que iriam auxili\u00e1-lo na \u201cpatri\u00f3tica\u201d empreitada. Foram assim selecionados, para o primeiro escal\u00e3o, entre outros, Ernesto Ara\u00fajo, para as Rela\u00e7\u00f5es Exteriores; Paulo Guedes, para a Economia; Ricardo Salles, para o Meio Ambiente;\u00a0\u00a0Eduardo Pazzuello, general intendente da\u00a0 ativa, para a Sa\u00fade (em 3\u00aa escolha);\u00a0 e Damares Alves para a Igualdade Social. Para a Secretaria da Cultura, M\u00e1rio\u00a0 Frias\u00a0 j\u00e1 \u00e9 o quinto secret\u00e1rio, o que d\u00e1 a medida da import\u00e2ncia atribu\u00edda \u00e0 \u00e1rea. Tal secret\u00e1rio, ali\u00e1s, deu posse a S\u00e9rgio Camargo como presidente da\u00a0 Funda\u00e7\u00e3o Cultural Palmares, em substitui\u00e7\u00e3o ao secret\u00e1rio anterior, demitido por apologia ao nazismo. Mas o atual n\u00e3o fica atr\u00e1s: para ele, o movimento negro \u00e9 constitu\u00eddo por uma \u201cesc\u00f3ria maldita\u201d, formada por \u201cvagabundos\u201d. \u00c9 ineg\u00e1vel a dedica\u00e7\u00e3o com que todas as personalidades indicadas, inspiradas no seu grande l\u00edder Bolsonaro, \u201cdesconstruiram\u201d as \u00e1reas sob suas responsabilidades!<\/em><\/p><p style=\"font-weight: 400;\"><em>\u00a0<\/em><em>Ap\u00f3s dois anos de governo, cada Desmonte poderia ser esquematizado, de forma mais direta, indicando o nome de cada um dos ministros acima citados e as estult\u00edcias que cometeram no per\u00edodo mensal anterior. (Com mais um acr\u00e9scimo referente a Moro\/Dallagnol\/Lava Jato &#8230;). Naturalmente, a lista\u00a0 seria sempre encabe\u00e7ada pelo capit\u00e3o-presidente, por motivos \u00f3bvios &#8230; Ali\u00e1s,\u00a0 em minha opini\u00e3o, as estruturas do Pa\u00eds j\u00e1 foram de tal forma afetadas que ser\u00e1 necess\u00e1rio um bom tempo, ap\u00f3s 2022,\u00a0 para a \u201cremontagem\u201d.<\/em><\/p><p style=\"font-weight: 400;\"><em>.<\/em><em>Sinais alvissareiros no ar: o guru inspirador de Bolsonaro\u00a0<strong>\u2013<\/strong>\u00a0o indescrit\u00edvel Donald Trump, caiu nos EEUU, ap\u00f3s muito espernear. Com isto, vai acentuar-se o status de p\u00e1ria internacional assumido pelo nosso Pa\u00eds, sob a dupla Bolsonaro\/Salles, a que foi conduzido\u00a0 por certas posi\u00e7\u00f5es assumidas nos mais importantes foros internacionais, em alinhamento vergonhoso e humilhante aos interesses dos EUA. Ali\u00e1s, reproduzo um coment\u00e1rio jocoso que colhi n\u00e3o mais lembro onde: Bolsonaro e Salles passaram a pertencer \u00e0\u00a0 categoria dos \u201cespalha-rodinhas\u201d, vale dizer que, aonde quer que se aproximem de um grupo de participantes em uma reuni\u00e3o internacional, como por milagre, a \u201crodinha\u201d se desfaz de imediato&#8230;<\/em><\/p><p style=\"font-weight: 400;\"><em>\u00a0<\/em><em>Outro sinal alvissareiro: os resultados das elei\u00e7\u00f5es municipais. V\u00e1rias an\u00e1lises j\u00e1 foram apresentadas a respeito, Cabe, aqui,\u00a0 destacar que elas\u00a0 demonstraram cabalmente que a propalada grande popularidade de Bolsonaro consistia uma fantasia, a ponto dos candidatos passarem a buscar desvencilhar-se de seu apoio. Achei significativo o fato de que dos 78 candidatos que buscaram \u201ccarona\u201d no sobrenome Bolsonaro (incluindo, dessa feita legitimamente, uma ex-mulher e outros parentes) em suas identidades eleitorais, apenas um conseguiu eleger-se \u2013<strong>\u00a0<\/strong>o seu filho Carlos (mesmo assim com cerca de 35 mil votos a menos do que na elei\u00e7\u00e3o anterior). Dos 11 prefeitos indicados por ele no 1\u00ba e 2\u00ba turnos, apenas dois se elegeram e dos 59\u00a0 indicados para vereador, em transmiss\u00f5es ao vivo, apenas nove foram eleitos!\u00a0\u00a0<\/em><em>Nota-se, no total, uma tend\u00eancia do eleitorado migrar da extrema-direita para a direita\/centro-direita\/centro. Ser\u00e1 que vai continuar tal tend\u00eancia nas elei\u00e7\u00f5es de 2022 pendendo os eleitores para a centro-esquerda\/esquerda (mantida a import\u00e2ncia do centro)?<\/em><\/p><p style=\"font-weight: 400;\"><em>\u00a0<\/em><strong><em>Mas existem outros ind\u00edcios\u00a0 preocupantes\u00a0 para Bolsonaro:<\/em><\/strong><\/p><p style=\"font-weight: 400;\"><em>&#8211; uma grave crise social que se avizinha, a reboque do coronavirus, ao final do aux\u00edlio emergencial de R$ 600,00. (Lembra-se que, acordo Guedes\/Bolsonaro, inicialmente, tal aux\u00edlio seria apenas de R$ 200,00!). Segundo v\u00e1rios especialistas, a segunda onda da Covid assumir\u00e1 aspectos mais graves do que a primeira;<\/em><\/p><p style=\"font-weight: 400;\"><em>&#8211; a evolu\u00e7\u00e3o de casos na Justi\u00e7a envolvendo seus filhos e chegando a\u00a0 respingar nele;<\/em><\/p><p style=\"font-weight: 400;\"><em>&#8211; a posi\u00e7\u00e3o mais direta que a China come\u00e7a a adotar em rela\u00e7\u00e3o \u00e0s repetidas ofensas divulgadas por Eduardo Bolsonaro (incr\u00edvel como pare\u00e7a, presidente da Comiss\u00e3o de Rela\u00e7\u00f5es Exteriores da C\u00e2mara!), com algum respaldo do pai-presidente, pelos canais sociais (China, origem da Covid; tecnologia 5G chinesa visando espionagem em outros pa\u00edses). No caso, refiro-me mais especificamente aos preju\u00edzos previs\u00edveis \u00e0s nossas exporta\u00e7\u00f5es. As ofensas de Eduardo\u00a0 tiveram respaldo do Itamaraty<strong>\u00a0<\/strong>(\u201c<\/em><strong>Ernesto Ara\u00fajo ataca novamente a China e amea\u00e7a economia do Brasil\u00a0<\/strong><em>\u2013<\/em><em>\u00a0<\/em><a href=\"https:\/\/www.brasil247.com\/poder\/ernesto-araujo-ataca-novamente-a-china-e-ameaca-economia-do-brasil?utm_campaign=os_destaques_da_noite_no_247_em_281120&amp;utm_medium=email&amp;utm_source=RD+Station\" data-saferedirecturl=\"https:\/\/www.google.com\/url?q=https:\/\/www.brasil247.com\/poder\/ernesto-araujo-ataca-novamente-a-china-e-ameaca-economia-do-brasil?utm_campaign%3Dos_destaques_da_noite_no_247_em_281120%26utm_medium%3Demail%26utm_source%3DRD%2BStation&amp;source=gmail&amp;ust=1607195573802000&amp;usg=AFQjCNHgsiwZ2_0c-kiQ6uyqTNHnmh2NJw\"><em>https:\/\/www.brasil247.com\/poder\/ernesto-araujo-ataca-novamente-a-china-e-ameaca-economia-do-brasil?utm_campaign=os_destaques_da_noite_no_247_em_281120&amp;utm_medium=email&amp;utm_source=RD+Station<\/em><\/a><em>),\u00a0<\/em><em>o que eleva a quest\u00e3o a n\u00edvel de governo<\/em><em>;<\/em><\/p><p><em>&#8211;\u00a0<\/em><em>uma a\u00e7\u00e3o \u00a0efetiva de Biden de retalia\u00e7\u00e3o comercial em fun\u00e7\u00e3o do problema ambiental na Amaz\u00f4nia<\/em><em>\u00a0(\u201c<\/em>Na agenda ambiental, Biden colocar\u00e1 muita press\u00e3o sobre o Brasil, diz Amorim<em>\u201d\u00a0<\/em><em>\u2013<\/em><em>\u00a0<\/em><a href=\"https:\/\/www.brasil247.com\/mundo\/na-agenda-ambiental-biden-colocara-muita-pressao-sobre-o-brasil-diz-amorim?utm_campaign=os_destaques_da_manha_no_247_em_291120&amp;utm_medium=email&amp;utm_source=RD+Station\" data-saferedirecturl=\"https:\/\/www.google.com\/url?q=https:\/\/www.brasil247.com\/mundo\/na-agenda-ambiental-biden-colocara-muita-pressao-sobre-o-brasil-diz-amorim?utm_campaign%3Dos_destaques_da_manha_no_247_em_291120%26utm_medium%3Demail%26utm_source%3DRD%2BStation&amp;source=gmail&amp;ust=1607195573802000&amp;usg=AFQjCNFmwWr0LvNe4Wh-9TudrPfmOwjOIA\"><em>https:\/\/www.brasil247.com\/mundo\/na-agenda-ambiental-biden-colocara-muita-pressao-sobre-o-brasil-diz-amorim?utm_campaign=os_destaques_da_manha_no_247_em_291120&amp;utm_medium=email&amp;utm_source=RD+Station<\/em><\/a><em><u>\u00a0<\/u><\/em><em>).<\/em><em>\u00a0<\/em><em>Tal possibilidade aumenta\u00a0 no momento em que, segundo dados do Inpe, \u201ceste<\/em><em>\u00a0ano, foram identificados 69.527 focos de calor s\u00f3 na Amaz\u00f4nia, 13% a mais do que o registrado em todo o ano passado,\u00a0<\/em><em>que\u00a0<\/em><em>j\u00e1 havia sido o pior resultado em mais de uma d\u00e9cada\u201d.<\/em><em>\u00a0<\/em><em>\u00a0(\u201c<\/em>Na ONU, discurso de Bolsonaro tenta explicar desastre ambiental brasileiro\u201d<em>\u00a0<\/em><em>\u2013\u00a0<\/em><a href=\"https:\/\/www.brasildefato.com.br\/2020\/09\/22\/na-onu-bolsonaro-tenta-explicar-desastre-ambiental-brasileiro\" data-saferedirecturl=\"https:\/\/www.google.com\/url?q=https:\/\/www.brasildefato.com.br\/2020\/09\/22\/na-onu-bolsonaro-tenta-explicar-desastre-ambiental-brasileiro&amp;source=gmail&amp;ust=1607195573802000&amp;usg=AFQjCNEivQV6WhwjUNjSkjdB6UuLyJTSdw\"><em>https:\/\/www.brasildefato.com.br\/2020\/09\/22\/na-onu-bolsonaro-tenta-explicar-desastre-ambiental-brasileiro<\/em><\/a><em><u>\u00a0<\/u><\/em><em><u>)<\/u><\/em><em>\u00a0<\/em><em>;<\/em><\/p><p style=\"font-weight: 400;\"><em>&#8211;\u00a0 a decis\u00e3o sobre a tecnologia 5G a ser adotada no Pa\u00eds, verdadeira escolha de Sofia, prevista para ocorrer em 2021. Se escolher a vers\u00e3o ocidental, o governo ir\u00e1 afetar seriamente os interesses chineses, principal parceiro comercial do Pa\u00eds, podendo deslanchar a diminui\u00e7\u00e3o das exporta\u00e7\u00f5es, com s\u00e9rios reflexos em uma economia j\u00e1 combalida. Se decidir a favor da China, ir\u00e1 agravar-se o desagrado americano no campo ambiental;\u00a0 e<\/em><\/p><p style=\"font-weight: 400;\"><em>&#8211; uma poss\u00edvel atua\u00e7\u00e3o mais efetiva das for\u00e7as\u00a0 de oposi\u00e7\u00e3o,\u00a0 animadas com o esbo\u00e7o de coordena\u00e7\u00e3o a que chegaram a atingir na\u00a0 elei\u00e7\u00e3o para a Prefeitura de S\u00e3o Paulo (Lula&amp;Ciro&amp; Dino&amp;Marina).<\/em><\/p><p style=\"font-weight: 400;\"><em>\u00a0<\/em><em>\u00c9 o caso at\u00e9 de imaginar-se que, sob o impacto de tais condicionantes e com o aumento previsto de crescente da rejei\u00e7\u00e3o a Bolsonaro, o novo Presidente da C\u00e2mara que for eleito venha a aceitar, finalmente, um das dezenas de pedidos de impeachment que se acumularam naquela Casa sob Rodrigo Maia. Ou mesmo que, pelo mesmo motivo, prosperem no STE os processos contra a chapa Bolsonaro\/Mour\u00e3o. Ao que consta, provas existem.<\/em><\/p><p style=\"font-weight: 400;\"><em>\u00a0<\/em><em>Bom, cabe parar por aqui, mesmo porque n\u00e3o se tem a pretens\u00e3o de apresentar uma\u00a0 avalia\u00e7\u00e3o pol\u00edtica mais elaborada.<\/em><\/p><p style=\"font-weight: 400;\"><em>A colet\u00e2nea de artigos\u00a0 selecionados \u00e9 mostrada no <a href=\"http:\/\/main702202.dominiotemporario.com\/?p=260\">Desmonte N\u00ba 58<\/a><\/em><\/p><p style=\"font-weight: 400;\"><em>Aceitem o cordial abra\u00e7o de<\/em><\/p><p style=\"font-weight: 400;\"><em>\u00a0\u00a0\u00a0\u00a0\u00a0\u00a0\u00a0\u00a0\u00a0\u00a0\u00a0\u00a0\u00a0\u00a0\u00a0\u00a0\u00a0\u00a0\u00a0\u00a0\u00a0\u00a0\u00a0\u00a0\u00a0\u00a0\u00a0\u00a0\u00a0\u00a0\u00a0\u00a0\u00a0\u00a0\u00a0\u00a0\u00a0\u00a0\u00a0\u00a0\u00a0\u00a0\u00a0\u00a0\u00a0\u00a0\u00a0\u00a0\u00a0\u00a0\u00a0\u00a0\u00a0\u00a0\u00a0\u00a0\u00a0\u00a0\u00a0\u00a0\u00a0\u00a0 \u00a0Luiz Philippe da Costa Fernandes<\/em><\/p><p style=\"font-weight: 400;\"><em>\u00a0<\/em><\/p>\t\t\t\t\t\t\t\t<\/div>\n\t\t\t\t<\/div>\n\t\t\t\t\t<\/div>\n\t\t<\/div>\n\t\t\t\t\t<\/div>\n\t\t<\/section>\n\t\t\t\t<\/div>\n\t\t","protected":false},"excerpt":{"rendered":"<p>O Desmonte do Estado Brasileiro e da Soberania Nacional n\u00ba 57 Algumas considera\u00e7\u00f5es ao final da metade do (des)governo Bolsonaro Prezados leitores\/amigos,&nbsp;&nbsp;&nbsp;&nbsp; Este \u00e9 o \u00faltimo Desmonte do ano. Momento de fazer um balan\u00e7o sobre o governo Bolsonaro, quando falta menos de m\u00eas para completar a metade de seu mandato. E, for\u00e7oso \u00e9 reconhecer, os &hellip; <a href=\"http:\/\/desmontedoestado.com\/?p=250\" class=\"more-link\">Continue lendo<span class=\"screen-reader-text\"> &#8220;N\u00ba 57: Alguns coment\u00e1rios ao final da metade do (des)governo Bolsonaro&#8221;<\/span><\/a><\/p>\n","protected":false},"author":2,"featured_media":0,"comment_status":"open","ping_status":"open","sticky":false,"template":"","format":"standard","meta":{"footnotes":""},"categories":[1],"tags":[],"class_list":["post-250","post","type-post","status-publish","format-standard","hentry","category-uncategorized"],"_links":{"self":[{"href":"http:\/\/desmontedoestado.com\/index.php?rest_route=\/wp\/v2\/posts\/250","targetHints":{"allow":["GET"]}}],"collection":[{"href":"http:\/\/desmontedoestado.com\/index.php?rest_route=\/wp\/v2\/posts"}],"about":[{"href":"http:\/\/desmontedoestado.com\/index.php?rest_route=\/wp\/v2\/types\/post"}],"author":[{"embeddable":true,"href":"http:\/\/desmontedoestado.com\/index.php?rest_route=\/wp\/v2\/users\/2"}],"replies":[{"embeddable":true,"href":"http:\/\/desmontedoestado.com\/index.php?rest_route=%2Fwp%2Fv2%2Fcomments&post=250"}],"version-history":[{"count":10,"href":"http:\/\/desmontedoestado.com\/index.php?rest_route=\/wp\/v2\/posts\/250\/revisions"}],"predecessor-version":[{"id":274,"href":"http:\/\/desmontedoestado.com\/index.php?rest_route=\/wp\/v2\/posts\/250\/revisions\/274"}],"wp:attachment":[{"href":"http:\/\/desmontedoestado.com\/index.php?rest_route=%2Fwp%2Fv2%2Fmedia&parent=250"}],"wp:term":[{"taxonomy":"category","embeddable":true,"href":"http:\/\/desmontedoestado.com\/index.php?rest_route=%2Fwp%2Fv2%2Fcategories&post=250"},{"taxonomy":"post_tag","embeddable":true,"href":"http:\/\/desmontedoestado.com\/index.php?rest_route=%2Fwp%2Fv2%2Ftags&post=250"}],"curies":[{"name":"wp","href":"https:\/\/api.w.org\/{rel}","templated":true}]}}