{"id":384,"date":"2021-06-01T08:37:19","date_gmt":"2021-06-01T11:37:19","guid":{"rendered":"http:\/\/desmontedoestado.com\/?p=384"},"modified":"2021-06-01T13:49:01","modified_gmt":"2021-06-01T16:49:01","slug":"no-62","status":"publish","type":"post","link":"http:\/\/desmontedoestado.com\/?p=384","title":{"rendered":"N\u00ba 62"},"content":{"rendered":"\t\t<div data-elementor-type=\"wp-post\" data-elementor-id=\"384\" class=\"elementor elementor-384\">\n\t\t\t\t\t\t<section class=\"elementor-section elementor-top-section elementor-element elementor-element-e298b54 elementor-section-boxed elementor-section-height-default elementor-section-height-default\" data-id=\"e298b54\" data-element_type=\"section\" data-e-type=\"section\">\n\t\t\t\t\t\t<div class=\"elementor-container elementor-column-gap-default\">\n\t\t\t\t\t<div class=\"elementor-column elementor-col-100 elementor-top-column elementor-element elementor-element-6e00ee8\" data-id=\"6e00ee8\" data-element_type=\"column\" data-e-type=\"column\">\n\t\t\t<div class=\"elementor-widget-wrap elementor-element-populated\">\n\t\t\t\t\t\t<div class=\"elementor-element elementor-element-da7e1ca elementor-widget elementor-widget-text-editor\" data-id=\"da7e1ca\" data-element_type=\"widget\" data-e-type=\"widget\" data-widget_type=\"text-editor.default\">\n\t\t\t\t<div class=\"elementor-widget-container\">\n\t\t\t\t\t\t\t\t\t<p style=\"font-weight: 400;\">Prezados leitores-amigos,<\/p><p style=\"font-weight: 400;\">No per\u00edodo\u00a0 compreendido por este\u00a0Desmonte,\u00a0 merece destaque a substitui\u00e7\u00e3o de seis ministros \u00e0 uma, que acabou incluindo tamb\u00e9m a troca dos comandantes militares. Fiel ao proposito de n\u00e3o incluir entre os textos selecionados assuntos que j\u00e1 tenham merecido ampla divulga\u00e7\u00e3o p\u00fablica, o leitor n\u00e3o encontrar\u00e1 no anexo mat\u00e9ria\u00a0 a respeito. N\u00e3o me furto, entretanto, de apresentar algumas considera\u00e7\u00f5es\u00a0 em car\u00e1ter pessoal.. A substitui\u00e7\u00e3o\u00a0do\u00a0chanceler Ernesto Ara\u00fajo teria causado em Bolsonaro um impacto maior\u00a0do\u00a0que se sup\u00f5e, o que explicaria\u00a0 sua resist\u00eancia\u00a0 em\u00a0 substitu\u00ed-lo. Incr\u00edvel\u00a0\u00a0 como pare\u00e7a, ele era encarado como algu\u00e9m capaz de dar um toque digamos \u201cacad\u00eamico\u201d, aos negacionismos e outras barbaridades cometidas pelo governo,\u00a0 diuturnamente.\u00a0 Foi preciso o xeque mate\u00a0do\u00a0Senado para precipitar a decis\u00e3o. Para n\u00e3o dar\u00a0 apar\u00eancia\u00a0 de fraqueza (algo\u00a0 inadmiss\u00edvel em um l\u00edder \u201cforte\u201d como Bolsonaro &#8230;)\u00a0 ele buscou aproveitar a ocasi\u00e3o para resolver pend\u00eancia antiga com o ent\u00e3o Ministro da Defesa \u2013 gen. Fernando Azevedo, que n\u00e3o atuara mais decisivamente para induzir o\u00a0 ent\u00e3o\u00a0 comandante\u00a0do\u00a0Ex\u00e9rcito\u00a0\u00a0<strong>\u2013\u00a0<\/strong>gen. Pujol<strong>,\u00a0<\/strong>a respaldar em nome\u00a0do\u00a0EB, atitudes de Bolsonaro contra o isolamento social e algumas decis\u00f5es\u00a0do\u00a0STF que contrariaram o Governo. Em suma, recusando-se a adotar uma atitude, digamos assim, mais \u00e0 la Villas Boas &#8230;<\/p><p style=\"font-weight: 400;\">Assim, at\u00e9 para retirar a \u00eanfase da troca\u00a0do\u00a0Ernesto Ara\u00fajo, o presidente efetuou outras mudan\u00e7as ministeriais,\u00a0 duas delas de car\u00e1ter que classifico de\u00a0 \u201cdefensivo \u201c e duas outras mais \u201cofensivas\u201d. No primeiro caso, a escala\u00e7\u00e3o de uma deputada de primeiro mandato\u00a0<strong>\u2013\u00a0<\/strong>Fl\u00e1via Arruda\u00a0(PL), indica\u00e7\u00e3o\u00a0do\u00a0Presidente da\u00a0 C\u00e2mara, como Secret\u00e1ria\u00a0do\u00a0Governo, aproximando o Centr\u00e3o\u00a0\u2013\u00a0seu maior sustent\u00e1culo na C\u00e2mara\u00a0 contra a aceita\u00e7\u00e3o de um dos mais de 100 pedidos de impeachment \u2013 da copa-e-cozinha presidencial. A outra provid\u00eancia \u201cdefensiva\u201d foi a designa\u00e7\u00e3o de Jos\u00e9 Levi\u00a0\u00a0(que ocupava o cargo de Ministro da Justi\u00e7a), para a AGU.\u00a0 Com isso, passou a ter uma autoridade \u201cdisciplinada\u201d, disposta a adotar qualquer provid\u00eancia desejada por Bolsonaro, como postulante que \u00e9 a uma indica\u00e7\u00e3o para o STF. (Notar que o\u00a0 antecessor de Levi, preocupado com a sua biografia,\u00a0\u00a0 recusara-se\u00a0 a assinar o encaminhamento ao STF de solicita\u00e7\u00e3o contra as medidas de isolamento social decretadas pelos governadores de\u00a0 tr\u00eas Estados).<\/p><p style=\"font-weight: 400;\">A primeira troca \u201cofensiva\u201d foi a designa\u00e7\u00e3o do delegado da Pol\u00edcia Federal Anderson Torres, (amigo do Fl\u00e1vio Bolsonaro) para o Minist\u00e9rio da Justi\u00e7a. Assim, al\u00e9m do resguardo ligado ao v\u00ednculo de amizade, familiar, em caso de maior agravamento de tens\u00f5es sociais, ter\u00e1 importante elemento repressor sob sua influ\u00eancia mais direta. A segunda teria sido o afastamento do gen.\u00a0 Azevedo . da Defesa por motivos que incluem os j\u00e1 citados anteriormente. De lambuja, viria a demiss\u00e3o do gen. Pujol da Comando do Ex\u00e9rcito, n\u00e3o concretizada pelo gen. Azevedo.\u00a0 N\u00e3o contou com o imponder\u00e1vel: a atitude digna dos\u00a0 Comandantes Militares da Marinha e da Aeron\u00e1utica que tamb\u00e9m\u00a0 resolveram demitir-se,\u00a0 dando origem a s\u00e9ria crise militar. De fato, \u00e9 a primeira vez que ocorre uma demiss\u00e3o do ministro da Defesa e, conjuntamente, o afastamento dos tr\u00eas comandantes de For\u00e7as. O resultado do imbr\u00f3glio?\u00a0 A cria\u00e7\u00e3o de uma fissura que ser\u00e1 dif\u00edcil de reparar junto ao estamento militar,\u00a0 justamente o que \u00e9 de maior import\u00e2ncia em sua sustenta\u00e7\u00e3o pol\u00edtica. E, n\u00e3o\u00a0 esquecer, aparentemente o gen, Mour\u00e3o assumiria com muito gosto o governo caso Bolsonaro fosse afastado&#8230; . Ao final dessa quest\u00e3o, uma refer\u00eancia \u00e0 dif\u00edcil miss\u00e3o que assumem os novos comandantes militares \u2013 o alte. Garnier, o gen.\u00a0\u00a0Paulo S\u00e9rgio\u00a0 e o brig.\u00a0 Baptista Junior. Posso afian\u00e7ar que chefes militares que galgaram os \u00faltimos postos de carreira e ora alcan\u00e7am o cargo mais elevado\u00a0 de suas\u00a0 For\u00e7as necessariamente se destacaram por suas lideran\u00e7as,\u00a0 dedica\u00e7\u00e3o e amor \u00e0 P\u00e1tria. Ora\u00a0 est\u00e3o assumindo o cargo mais desafiador e dif\u00edcil de suas carreiras! Est\u00e3o substituindo\u00a0 Chefes que, por quest\u00e3o de princ\u00edpio,\u00a0 abriram\u00a0 m\u00e3o de seus cargos a que tanto se dedicavam,\u00a0 e o fizeram com muita dignidade, dando o bom exemplo a seus comandados. Continuar\u00e3o as press\u00f5es a que resistiram seus antecessores? N\u00e3o creio que a corda se estique a tal ponto, pois nova demiss\u00e3o coletiva parece impens\u00e1vel.<\/p><p style=\"font-weight: 400;\">Neste Desmonte tamb\u00e9m consta documento a que atribu\u00ed grande valor: a not\u00edcia n\u00ba 2 do anexo , intitulada\u00a0 \u201c<strong>Deisy Ventura no Entre Vistas \u2013 Uma pol\u00edtica de morte<\/strong>\u201d.\u00a0 At\u00e9 ent\u00e3o, minha postura de aceitar a pecha de genocida atribu\u00edda a Bolsonaro justificava-se,\u00a0 a meu ju\u00edzo, devido a provid\u00eancias que absurdamente deixou de adotar, como\u00a0 por exemplo, a recusa ao oferecimento de 70 milh\u00f5es de doses da vacina Pfizer, que lhe foram oferecidas em 2020, sendo que 3 milh\u00f5es de\u00a0 doses poderiam ser fornecidas at\u00e9 fevereiro do ano em curso e o restante at\u00e9 o final do ano. Acresce o seu incentivo \u00e0 aglomera\u00e7\u00f5es, o\u00a0 descr\u00e9dito manifestado publicamente ao uso de m\u00e1scaras, a criminosa propaganda da cloroquina, parte de um \u201ctratamento precoce\u201d\u00a0 etc &#8230; . Certamente, tais atos devem ter causado\u00a0 um bom n\u00famero de mortos, Mas a responsabilidade\u00a0 \u00e9, incomparavelmente,\u00a0 muito mais s\u00e9ria! Com base em trabalho cient\u00edfico, utilizando documentos oficiais (inclusive do pr\u00f3prio TCU) fica comprovado que a atua\u00e7\u00e3o de Bolsonaro foi preconcebida desde o in\u00edcio, configurando verdadeira pol\u00edtica de governo. Para evitar maior queda da produ\u00e7\u00e3o econ\u00f4mica optou-se, deliberadamente, por uma pol\u00edtica de forma\u00e7\u00e3o de cad\u00e1veres!\u00a0<\/p><p style=\"font-weight: 400;\">Ao final, renova-se a sugest\u00e3o de\u00a0 que a leitura deste Desmonte ocorra paulatinamente, fun\u00e7\u00e3o da \u00e1rea de maior interesse de cada um.\u00a0 E tamb\u00e9m aproveita-se a oportunidade para agradecer o envio de valiosas colabora\u00e7\u00f5es e sugest\u00f5es.\u00a0 \u00c9 bom saber que existem pessoas que se interessam por estes textos\u00a0 e se preocupam, mesmo, em buscar melhor\u00e1-los!<\/p><p style=\"font-weight: 400;\">Muito cordial abra\u00e7o a todos,\u00a0do<\/p><p style=\"font-weight: 400;\">Luiz Philippe da Costa Fernandes<\/p><p>\u00a0<\/p>\t\t\t\t\t\t\t\t<\/div>\n\t\t\t\t<\/div>\n\t\t\t\t\t<\/div>\n\t\t<\/div>\n\t\t\t\t\t<\/div>\n\t\t<\/section>\n\t\t\t\t<section class=\"elementor-section elementor-top-section elementor-element elementor-element-f7e31e1 elementor-section-boxed elementor-section-height-default elementor-section-height-default\" data-id=\"f7e31e1\" data-element_type=\"section\" data-e-type=\"section\">\n\t\t\t\t\t\t<div class=\"elementor-container elementor-column-gap-default\">\n\t\t\t\t\t<div class=\"elementor-column elementor-col-100 elementor-top-column elementor-element elementor-element-4089cb1\" data-id=\"4089cb1\" data-element_type=\"column\" data-e-type=\"column\">\n\t\t\t<div class=\"elementor-widget-wrap elementor-element-populated\">\n\t\t\t\t\t\t<div class=\"elementor-element elementor-element-c00ce4e elementor-widget elementor-widget-text-editor\" data-id=\"c00ce4e\" data-element_type=\"widget\" data-e-type=\"widget\" data-widget_type=\"text-editor.default\">\n\t\t\t\t<div class=\"elementor-widget-container\">\n\t\t\t\t\t\t\t\t\t<p><strong><u>ARTIGOS SELECIONADOS PARA O DESMONTE N\u00ba\u00a0 62<\/u><\/strong><\/p><h3>1 <strong>\u2013 <\/strong>\u201c<strong>P\u00edlulas de um governo pat\u00e9tico!<\/strong><strong>\u201d \u2013 t\u00edtulo meu \u2013 \u00a0\u00a0datas diversas<\/strong>.<\/h3><pre><strong>- \u201cComo membro dos BRICS, o Brasil deveria estar nadando em vacinas\u201d, diz Celso Amorim \u201d \u2013 26 MAR. <em>\u00a0\u00a0\u00a0\u00a0\u00a0\u00a0\u00a0\u00a0\u00a0\u00a0<br \/>\u00a0<\/em><\/strong><em>O t\u00edtulo \u00e9 autoexplicativo\u00a0\u2026<\/em><\/pre><p><em>\u00a0<\/em><strong>&#8211; \u201cPol\u00edtica ambiental desastrosa do governo Bolsonaro est\u00e1 dificultando o Brasil a receber 10 milh\u00f5es doses de vacinas da Moderna\u201d \u2013 27 MAR<\/strong> .<br \/><strong>\u201c<\/strong>A empresa j\u00e1 manifestou ao governo brasileiro a disposi\u00e7\u00e3o de doar os imunizantes, contudo, o governo de John Biden (EUA) condicionou a opera\u00e7\u00e3o \u00e0 assinatura de compromissos ambientais com o Brasil.\u00a0\u00a0\u00a0\u00a0\u00a0\u00a0\u00a0\u00a0\u00a0\u00a0\u00a0<\/p><pre><em>\u00a0Quando\u00a0 uma desastrosa pol\u00edtica externa se traduz em mortes no Pa\u00eds!<\/em><\/pre><p><strong>&#8211; \u201cNovo chanceler vai manter alinhamento com EUA e Israel\u201d \u2013 31 MAR.<\/strong> <br \/>\u201cSob novo chanceler, pol\u00edtica externa manter\u00e1 conservadorismo e alinhamento a EUA e Israel, mas cessar\u00e3o o combate ao &#8220;globalismo&#8221; e ataques p\u00fablicos \u00e0 China. &#8230; O minist\u00e9rio continuar\u00e1 a ser comandado pelo ministro, em conjunto com o deputado Eduardo Bolsonaro (PSL-SP), filho do presidente da Rep\u00fablica, e o assessor internacional da Presid\u00eancia, Filipe Martins.\u201d.\u00a0<\/p><p><strong>&#8211;\u00a0 \u201cEUA querem a\u00e7\u00f5es do Brasil contra o desmatamento. Pesquisadora diz que san\u00e7\u00f5es est\u00e3o na mesa \u2013 31 MAR.<\/strong> <br \/>\u201cNa segunda-feira (29), o governo &#8230; \u00a0Biden, pressionou publicamente o Brasil pelo combate ao desmatamento ilegal. Por meio do Departamento de Estado, a Casa Branca exige do Brasil o cumprimento do compromisso do pa\u00eds pelo fim do desmatamento ilegal at\u00e9 2030, al\u00e9m de maior fiscaliza\u00e7\u00e3o e puni\u00e7\u00e3o dos respons\u00e1veis. . O Brasil assumiu a meta ao assinar o Acordo de Paris. &#8230;\u201d \u00a0<\/p><p>&#8211;<strong> \u201cAtaques a jornalistas no Brasil cresceram 168% em 2020, aponta relat\u00f3rio\u201d \u2013 \u00a031 MAR<\/strong>. <br \/>\u201cRelat\u00f3rio divulgado pela Abert, aponta que em 2020 foram registrados 150 casos, contra 189 profissionais e ve\u00edculos de comunica\u00e7\u00e3o. As ofensas \u2013 forma de ataque mais comum &#8211; cresceram (637%) e foram impulsionadas por Jair Bolsonaro e seus seguidores.\u201d<\/p><p><strong>&#8211; \u201cTCU diz que Petrobr\u00e1s vendeu refinaria Landulpho Alvers abaixo do pre\u00e7o de mercado e deve suspender a opera\u00e7\u00e3o\u201d \u00a0\u2013 \u00a01\u00ba ABR.<\/strong><\/p><pre>\u00a0<em>Triste te<\/em><em>stemunho de <\/em><em>privatiza\u00e7\u00f5es estrat\u00e9gicas feitas a pre\u00e7o de banana, com s\u00e9rio preju\u00edzo \u00e0 coisa p\u00fablica. \u00a0\u00c9 o Desmonte econ\u00f4mico em curso!<\/em><\/pre><p><strong>&#8211; <\/strong><strong>Governo Bolsonaro tirou 1,2 milh\u00e3o de pessoas do Farm\u00e1cia Popular em 2020\u201d<\/strong> \u2013 <strong>\u00a0\u00a0\u00a01\u00ba\u00a0 ABR. <\/strong><\/p><pre><em>N\u00e3o \u00e9 por\u00a0 ai que\u00a0 se deve fazer economia!<\/em><\/pre><p><em>\u00a0<\/em><strong>&#8211;<\/strong><strong>Washington Post, jornal mais influente dos Estados Unidos, pede impeachment de Bolsonaro\u201d \u2013 2 ABR. <\/strong><\/p><pre><em>O reconhecimento da necessidade do impeachment chega agora do exterior! Nosso presidente j\u00e1 \u00e9 considerado uma amea\u00e7a mundial!<\/em><\/pre><p><strong><em>\u00a0<\/em>&#8211; \u201cO Brasil saiu dos trilhos e Bolsonaro pode ser afastado, diz chefe da Eurasia Group \u2013 \u00a0\u00a05 ABR.\u00a0 <\/strong><\/p><p>\u201cO chefe da maior consultoria de risco do mundo, Ian Bremmer, afirmou que Bolsonaro n\u00e3o tem mais condi\u00e7\u00f5es de governar um pa\u00eds como o Brasil e dever\u00e1 sofrer Impeachment. Isso soma-se a indicativos do isolamento internacional do presidente<em>\u201d.<\/em><\/p><h3><strong>\u00a0<\/strong><strong>\u00a02<\/strong> \u2013 <strong>\u201c<\/strong><strong>Deisy Ventura no Entre Vistas &#8211; <\/strong><strong>UMA<\/strong> <strong>POL\u00cdTICA DE MORTE<\/strong><strong> \u2013 TVT \u2013 21 JAN.<\/strong> \u00a0\u00a0<\/h3><p>\u201cDeisy Ventura &#8230; ocupou espa\u00e7os de destaque em ve\u00edculos de imprensa e m\u00eddias sociais com sua tese de que houve um plano sistem\u00e1tico do governo federal\u00a0 para disseminar o novo coronav\u00edrus no Brasil &#8230; Coordenadora do doutorado de Sa\u00fade Global e Sustentabilidade da USP, a jurista teve uma entrevista publicada [no] &#8230; jornal O Estado de S\u00e3o Paulo&#8230;. e assinou artigo &#8230; na Folha de S\u00e3o Paulo, no dia 20 de mar\u00e7o &#8230; . . Em todas as ocasi\u00f5es, Deisy sustenta que a forma como o presidente Jair Bolsonaro conduz o enfrentamento \u00e0 covid-19 pode se enquadrar em crime contra a humanidade. Para ela, expor milh\u00f5es de pessoas ao v\u00edrus com intencionalidade, como teria feito o governo federal, n\u00e3o \u00e9 apenas inaceit\u00e1vel. \u2018Do ponto de vista cient\u00edfico, \u00e9 perigos\u00edssimo. H\u00e1 o risco de variantes, de sequelas, de dor e de altos custos para os sistemas de sa\u00fade\u2019, disse Deisy &#8230; A professora observa, contudo, que o \u2018aparente desatino\u2019 do governo\u00a0 obedeceu a uma l\u00f3gica. A ideia era diminuir o\u00a0 baque na economia\u00a0\u00a0 e superar a crise rapidamente, mesmo que para isso fosse necess\u00e1rio ignorar as incertezas\u00a0 sobre quanto tempo ficamos imunes\u00a0 a formas de reinfec\u00e7\u00e3o. A estrat\u00e9gia de base era disseminar o v\u00edrus para encurtar a crise. \u2018O plano era incentivar as pessoas ao cont\u00e1gio, exaltando a valentia delas, amea\u00e7ando com desemprego, com\u00a0 a fome. E fazendo que havia um tratamento, inclusive precoce\u2019. O governo federal, acredita, Deisy, contava com estados e munic\u00edpios para conter o transbordamento do sistema de sa\u00fade p\u00fablica. Com a vantagem de poder jogar toda a responsabilidade sobre governadores, prefeitos e STF, caso a situa\u00e7\u00e3o sa\u00edsse do controle. \u2018Mesmo no momento mais agudo da epidemia, o presidente n\u00e3o para de combater a sa\u00fade p\u00fablica, n\u00e3o para de divulgar not\u00edcias falsas, n\u00e3o para de incitar a popula\u00e7\u00e3o para que desobede\u00e7a \u00e0s autoridades sanit\u00e1rias, n\u00e3o para de incitar a popula\u00e7\u00e3o a se expor ao v\u00edrus, mesmo diante do colapso da sa\u00fade p\u00fablica\u2019, afirmou a especialista &#8230; . \u2018\u00c9 um comportamento ilegal que um governante exponha o seu povo \u00e0 doen\u00e7a e \u00e0 morte, intencionalmente\u2019. No artigo na Folha, Deisy e seus colegas criticaram a estrat\u00e9gia federal de propaganda contra a sa\u00fade p\u00fablica, a partir da cont\u00ednua promo\u00e7\u00e3o de aglomera\u00e7\u00f5es\u00a0 e do discurso anti medidas de distanciamento. \u2018N\u00e3o se trata de bravata, e sim de um plano de comunica\u00e7\u00e3o que mobiliza argumentos econ\u00f4micos e ideol\u00f3gicos, not\u00edcias falsas e informa\u00e7\u00f5es t\u00e9cnicas sem comprova\u00e7\u00e3o cient\u00edfica. O prop\u00f3sito \u00e9 desacreditar as autoridade sanit\u00e1rias, enfraquecer a ades\u00e3o popular \u00e0s recomenda\u00e7\u00f5es baseadas em evid\u00eancias cient\u00edficas e promover o ativismo pol\u00edtico contra as medidas de conten\u00e7\u00e3o do covid-19. A incita\u00e7\u00e3o ao cont\u00e1gio baseia-se na falsa cren\u00e7a\u00a0 de que existe um tratamento precoce para a doen\u00e7a, agravada pela constante banaliza\u00e7\u00e3o do sofrimento e da morte\u2019\u201d.<\/p><p><a href=\"https:\/\/www.facebook.com\/watch\/?v=267297351477349\"><em>https:\/\/www.facebook.com\/watch\/?v=267297351477349<\/em><\/a><\/p><p><em><u>\u00a0<\/u><\/em><em>(ver tamb\u00e9m em <\/em>Boletim de Direitos na Pandemia n\u00ba 10: <a href=\"https:\/\/www.conectas.org\/publicacoes\/download\/boletim-direitos-na-pandemia-no-10\">https:\/\/www.conectas.org\/publicacoes\/download\/boletim-direitos-na-pandemia-no-10<\/a>\u00a0 )<\/p><pre><em>Texto inclu\u00eddo, mesmo extemporaneamente, devido \u00e0 sua import\u00e2ncia. Em aterradora \u00a0conclus\u00e3o, a Dra. Deisy, com base em suas pesquisas \u2013 que n\u00e3o admitem contesta\u00e7\u00e3o, segundo ela, pois baseadas em documentos e declara\u00e7\u00f5es oficiais, incluindo informa\u00e7\u00f5es do pr\u00f3prio TCU \u2013\u00a0 afirma que a pol\u00edtica do governo Bolsonaro\u00a0 virtualmente a favor da morte, \u00e9 deliberada e n\u00e3o decorre, como muitos acreditam, de \u00a0uma gest\u00e3o incompetente. N\u00e3o! \u00a0Ela \u00e9 baseada em uma pol\u00edtica deliberada de governo! Caracterizado o crime de lesa-humanidade, mesmo sem base jur\u00eddica pr\u00f3pria, posso afirmar que todas as autoridades mais diretamente envolvidas em coibir a continua\u00e7\u00e3o da pr\u00e1tica de tal crime, se n\u00e3o adotaram \u00a0as providencias cab\u00edveis, passam a ser c\u00famplices. E est\u00e3o nessa situa\u00e7\u00e3o, \u00a0especificamente, entre outros, o PGR \u00a0\u2013 Augusto Aras\u00a0 e o Presidente da C\u00e2mara \u2013 Arthur Lira (PP). \u00a0Espero que, em algum momento tenham a ter que responder \u00a0por sua criminosa e continuada omiss\u00e3o. <\/em><\/pre><h3><strong>3<\/strong> \u2013 \u201c<strong>Como\u00a0 um cientista na Amaz\u00f4nia se tornou alvo de persegui\u00e7\u00e3o e amea\u00e7as\u201d \u2013 Marlon Peter e Silvia Lisboa \u2013 <em>The Intercept Brasil<\/em><\/strong>\u00a0 \u2013 <strong>17 MAR. <\/strong><\/h3><p>\u201cO cientista LUCAS FERRANTE\u00a0se tornou mundialmente conhecido por revelar ao mundo o <strong>desmonte<\/strong> [grifo meu] das pol\u00edticas ambientais do governo Bolsonaro. Ele publicou estudos que examinavam o tema nas maiores revistas cient\u00edficas do mundo, como Science e Nature. Com base nas investiga\u00e7\u00f5es, o doutorando do Instituto de Pesquisas da Amaz\u00f4nia, o Inpa, municiou o Minist\u00e9rio P\u00fablico Federal que moveu a\u00e7\u00f5es barrando projetos que destruiriam reservas ind\u00edgenas e grande parte da Amaz\u00f4nia. O grupo do qual Lucas faz parte tamb\u00e9m foi o primeiro a prever o descontrole da covid-19 em Manaus, epicentro da nova e mais virulenta cepa do coronav\u00edrus que se espalhou pelo mundo. Sua exposi\u00e7\u00e3o p\u00fablica, por\u00e9m, o tornou alvo de uma campanha de difama\u00e7\u00e3o que extrapolou as redes.\u201d\u00a0<\/p><p><a href=\"https:\/\/theintercept.com\/2021\/03\/17\/cientista-amazonia-alvo-perseguicao-ameacas-lucas-ferrante\"><strong><em>https:\/\/theintercept.com\/2021\/03\/17\/cientista-amazonia-alvo-perseguicao-ameacas-lucas-ferrante<\/em><\/strong><\/a><\/p><p><em>(Ver coment\u00e1rio ao final do item 5).<\/em><\/p><h3><strong>4 \u2013 \u201c<\/strong><strong>Estrella: Sob ocupa\u00e7\u00e3o estrangeira, Brasil \u00e9 laborat\u00f3rio neoliberal de Guedes para fundos de investimento!\u201d \u00a0\u2013 Viomundo \u2013 18 MAR<\/strong>.<\/h3><p>\u201cO ge\u00f3logo [Guilherme Estrella] come\u00e7ou a trabalhar na Petrobras em 1965, foi gerente de explora\u00e7\u00e3o da estatal no Iraque e diretor de Explora\u00e7\u00e3o &amp; Produ\u00e7\u00e3o entre 2003 e 2012, per\u00edodo em que a empresa brasileira descobriu a maior reserva dos \u00faltimos 50 anos, o pr\u00e9-sal. Estrella concorda com a advogada Valkeska Teixeira Zanin Martins, que defende o ex-presidente Lula. Ela sustenta que o Brasil se tornou um<em>\u00a0hub\u00a0<\/em>para golpes na Am\u00e9rica Latina atrav\u00e9s do\u00a0<em>lawfare,\u00a0<\/em>uma nova forma de\u00a0<em>soft power\u00a0<\/em>aplicada pelo Departamento de Estado e que foi adotada pela For\u00e7a Tarefa da Opera\u00e7\u00e3o Lava Jato em Curitiba. O ge\u00f3logo afirma que um Brasil hegem\u00f4nico na Am\u00e9rica do Sul era uma amea\u00e7a muito grande para os Estados Unidos, por isso tratou-se de desmontar o projeto iniciado pelo ex-presidente Lula. O pr\u00e9-sal, na vis\u00e3o de Estrella, tornou-se uma reserva estrat\u00e9gica para garantir a hegemonia de Washington no s\u00e9culo 21. Por isso dois anos depois da descoberta do pr\u00e9-sal os Estados Unidos trouxeram de volta sua Quarta Frota Naval, &#8230; . Para o ge\u00f3logo, o passo inicial para a realidade de hoje foi dada pelo ex-presidente Fernando Henrique Cardoso, quando resolveu diluir o poder do Estado brasileiro sobre a Petrobras e vendeu a\u00e7\u00f5es da empresa na bolsa de Nova York; Mesmo sem posi\u00e7\u00e3o majorit\u00e1ria nas a\u00e7\u00f5es com direito a voto, s\u00e3o os investidores estrangeiros quem passaram a mandar na Petrobras desde o golpe de 2016, assegura Estrella.\u00a0 A Petrobras vendeu 90% de seu mais importante gasoduto, o do Sudeste, por U$ 5,2 bilh\u00f5es, para um cons\u00f3rcio liderado pela Brookfield &#8230; Em julho de 2019, a Petrobras come\u00e7ou a se desfazer de suas a\u00e7\u00f5es da BR Distribuidora, a maior do pa\u00eds, arrecadando R$ 8,5 bilh\u00f5es com investidores dos bancos Merril Lynch, Citibank, Credit Suisse, JP Morgan, Santander; e, do Brasil, pelo Ita\u00fa e XP. A estatal vendeu um novo lote de a\u00e7\u00f5es &#8230; \u00a0e hoje \u00e9 o acionista minorit\u00e1ria, com 37,5%..\u00a0 &#8230; Para Estrella, a l\u00f3gica dos dirigentes da Petrobras \u00e9 fazer uma liquida\u00e7\u00e3o de tudo aquilo que represente os interesses por lucro r\u00e1pido, sem risco e seguro de banqueiros e fundos de investimento. &#8230; O potencial brasileiro de produzir energia s\u00f3 \u00e9 menor que o do Reino Unido em carv\u00e3o e energia e\u00f3lica no mar. No restante, \u00e9 um massacre \u2014 e a Shell, n\u00e3o a Petrobras, est\u00e1 bem melhor preparada para tirar proveito disso, gra\u00e7as ao <strong>desmonte <\/strong>[grifo meu] promovido pelos governos Temer e Bolsonaro &#8230;\u00a0 A Petrobras, ao ser desintegrada, simplesmente foi tirada do jogo internacional&#8230; O ex-diretor da Petrobras lembra que, apesar de formalmente privadas, empresas de petr\u00f3leo obedecem aos interesses estrat\u00e9gicos de seus pa\u00edses de origem.\u00a0 &#8230; Para Guilherme Estrella, al\u00e9m de estar sob ocupa\u00e7\u00e3o externa, o Brasil \u00e9 hoje o maior laborat\u00f3rio econ\u00f4mico da Hist\u00f3ria para o ultraneoliberalismo, em que grandes fundos internacionais de investimento, sem rosto, se unem a capitalistas locais para desmontar o Estado e os direitos trabalhistas\u201d<\/p><p><a href=\"https:\/\/www.viomundo.com.br\/entrevistas\/estrella-sob-ocupacao-estrangeira-brasil-e-laboratorio-do-ultraneoliberalismo-para-fundos-de-investimento.html\"><strong><em>https:\/\/www.viomundo.com.br\/entrevistas\/estrella-sob-ocupacao-estrangeira-brasil-e-laboratorio-do-ultraneoliberalismo-para-fundos-de-investimento.html<\/em><\/strong><\/a><\/p><pre><em>No meu entendimento,\u00a0 o que se fez com a Petrobras \u2013\u00a0 e ora continua em curso\u2013.\u00a0 foi e \u00e9 um verdadeiro crime de lesa-P\u00e1tria. O maior crime j\u00e1 cometido contra a economia nacional! Muito perdemos \u2013 e continuamos a perder \u2013 com o abandono e desvirtuamento dos\u00a0 prop\u00f3sitos e planejamentos\u00a0 que vigiam anteriormente. O nosso passaporte para o pa\u00eds do futuro que almej\u00e1vamos, E esta perda tem respons\u00e1veis diretos que a Hist\u00f3ria apontar\u00e1. Oxal\u00e1 a Justi\u00e7a criminal possa faz\u00ea-lo, antes do tempo hist\u00f3rico.\u00a0 Quem se recorda do Fundo Social criado no Governo Lula com recursos do pr\u00e9-sal que seriam usados em prol da\u00a0 <\/em><em>educa\u00e7\u00e3o, do esporte, do meio ambiente, da ci\u00eancia e tecnologia e dp combate \u00e0 pobreza? (\u201c<\/em>A sociedade n\u00e3o admite mais antagonismo entre riqueza e injusti\u00e7a social<em>\u201d, afirmou Lula, na ocasi\u00e3o. Mas infelizmente, de dois governos para c\u00e1, passou a admitir ...). O que temos agora, em troca? <\/em><\/pre><pre><em>Ainda refrescando a mem\u00f3ria de alguns: quem se recorda que, imediatamente ap\u00f3s o impeachment de Dilma, o ent\u00e3o senador (PSDB) Aloysio Nunes viajou, pressuroso, a Washington? (Ver \u201c <\/em><strong>Por que Aloysio Nunes foi aos EUA \u00e0s pressas<\/strong>? <strong>\u2013<\/strong> Horas ap\u00f3s o impeachment, senador embarcou sem alarde para agenda desconhecida em Washington. Al\u00e9m de hist\u00f3rico de interven\u00e7\u00f5es, pa\u00eds mira pr\u00e9-sal\u201d). Finalmente, aos mais curiosos tamb\u00e9m se recomenda a leitura de:<\/pre><p><a href=\"https:\/\/www.redebrasilatual.com.br\/blogs\/2018\/07\/projeto-de-jose-serra-em-2010-ja-prometia-entregar-o-pre-sal\/\"><strong><em>https:\/\/www.redebrasilatual.com.br\/blogs\/2018\/07\/projeto-de-jose-serra-em-2010-ja-prometia-entregar-o-pre-sal\/<\/em><\/strong><\/a> <strong><em>\u00a0\u00a0\u00a0\u00a0\u00a0\u00a0<\/em><\/strong><em>\u00a0e\u00a0\u00a0\u00a0\u00a0\u00a0 <\/em><a href=\"https:\/\/wikileaks.org\/Nos-bastidores-o-lobby-pelo-pre.html\"><strong><em>https:\/\/wikileaks.org\/Nos-bastidores-o-lobby-pelo-pre.html<\/em><\/strong><\/a><\/p><h3><strong>5 <\/strong>\u2013 <strong>\u201c<\/strong><strong> Cientista que pesquisa agrot\u00f3xicos vai se exilar em Bruxelas por causa de amea\u00e7as;\u00a0 \u00edntegra do estudo\u201d \u00a0\u2013 <em>Viomundo<\/em> \u2013 19 MAR.<\/strong><\/h3><p><strong>\u201c<\/strong>Larissa Bombardi &#8230; pesquisadora do Departamento de Geografia da &#8230; (USP), publicou uma extensa carta aberta nesta quinta-feira (18). Em tom de desabafo, ela relata ataques ao seu trabalho, sobretudo ap\u00f3s a publica\u00e7\u00e3o de seu atlas <strong>Geografia do Uso de Agrot\u00f3xicos no Brasil e Conex\u00f5es com a Uni\u00e3o Europeia,<\/strong> em 2019. &#8230; a mestra, doutora e p\u00f3s-doutora em Geografia Humana conta que, ap\u00f3s o lan\u00e7amento do livro na Europa, passou a ser intimidada. &#8230; \u2018Recebi indica\u00e7\u00e3o de lideran\u00e7as de movimentos sociais para que eu evitasse os mesmos caminhos, alterasse os meus hor\u00e1rios e a minha rotina, de forma a me proteger de poss\u00edveis ataques dos setores econ\u00f4micos envolvidos com a tem\u00e1tica sobre a qual eu me debru\u00e7o\u2019, disse a pesquisadora. &#8230;\u00a0 Um dos que a atacaram &#8230; foi o agr\u00f4nomo Xico Graziano, ex-deputado federal pelo PSDB e apoiador de primeira hora do governo Jair Bolsonaro &#8230; . Ele acusa a pesquisadora de falsificar a hist\u00f3ria. O agr\u00f4nomo \u00e9 conhecido por ter seu nome envolvido em disparos de fake news, atrav\u00e9s de seu filho, Daniel, que administrou o site Observat\u00f3rio Pol\u00edtico &#8230; . Em agosto de 2020, a professora foi v\u00edtima de um assalto em sua casa. Ap\u00f3s ter sido trancada, durante a madrugada, &#8230;\u00a0 teve seu laptop antigo levado. &#8230; \u2018 &#8230;que tinha todo o meu banco de dados. Felizmente eu tinha um backup em outro local, &#8230; \u2019. Larissa Bombardi \u00e9 tamb\u00e9m autora de estudos, em 2020, nos quais relaciona a suinocultura e a covid-19. \u2018Os artigos tratam da hip\u00f3tese, ainda n\u00e3o comprovada, mas j\u00e1 discutida por outros pesquisadores, de que a cria\u00e7\u00e3o intensiva de animais possa ser um dos ve\u00edculos de propaga\u00e7\u00e3o da doen\u00e7a\u2019, escreve. Por conta desses textos ela conta que sofreu intimida\u00e7\u00f5es da Associa\u00e7\u00e3o Brasileira dos Produtores de Prote\u00edna Animal e da pr\u00f3pria Embrapa &#8230; Al\u00e9m de, outra vez, ser alvo de Xico Graziano, ,,, .. O F\u00f3rum Paulista de Combate aos Impactos dos Agrot\u00f3xicos e Transg\u00eanicos, &#8230; \u00a0vem a p\u00fablico manifestar seu apoio irrestrito \u00e0 Dra. Prof. Larissa Mies Bombardi, &#8230; \u00a0membra do F\u00f3rum<em> Nacional e deste F\u00f3rum Paulista de Combate aos <\/em>Impactos dos Agrot\u00f3xicos e Transg\u00eanicos, &#8230; em rela\u00e7\u00e3o \u00e0s den\u00fancias de amea\u00e7as e persegui\u00e7\u00f5es que vem sofrendo em raz\u00e3o de suas importantes pesquisas e contribui\u00e7\u00f5es cient\u00edficas no que se refere ao uso de agrot\u00f3xicos em nosso pa\u00eds, demonstrando a gravidade dos danos \u00e0 sa\u00fade e \u00e0 vida pela sua utiliza\u00e7\u00e3o. A qualidade do trabalho cient\u00edfico que exerce fala por si, sendo a Dra. Larissa um dos nomes mais importantes da atualidade na pesquisa e divulga\u00e7\u00e3o cient\u00edfica dessa seara, tanto no Brasil, quanto no exterior, &#8230; sendo uma voz extremamente necess\u00e1ria no nebuloso cen\u00e1rio nacional em rela\u00e7\u00e3o ao tema.<strong>\u201d\u00a0\u00a0 <\/strong><\/p><p><a href=\"https:\/\/ww.viomundo.com.br\/voce-escreve\/cientista-que-pesquisa-agrotoxicos-vai-se-exilar-em-bruxelas-por-causa-de-ameacas-integra-do-estudo.html\"><strong><em>https:\/\/ww.viomundo.com.br\/voce-escreve\/cientista-que-pesquisa-agrotoxicos-vai-se-exilar-em-bruxelas-por-causa-de-ameacas-integra-do-estudo.html<\/em><\/strong><\/a><\/p><pre><em>Triste\u00a0 do pa\u00eds que persegue seus cientistas! Verdadeiro tru\u00edsmo a afirma\u00e7\u00e3o de que a C&amp;T \u00e9 fundamental para o desenvolvimento de uma na\u00e7\u00e3o. E \u00a0\u2013 como se verifica \u2013 no momento em que nossos cientistas sofrem persegui\u00e7\u00f5es ou s\u00e3o obrigados a exilar-se, esvai-se tamb\u00e9m nossa esperan\u00e7a de al\u00e7ar voos mais altos, no concerto das na\u00e7\u00f5es. <\/em><\/pre><p>\u00a0<strong>6 <\/strong>\u2013<strong> \u201c<\/strong><strong>Nova peti\u00e7\u00e3o da defesa de Lula comprova crime de lesa-p\u00e1tria cometido pela Lava Jato\u201d <\/strong><strong>\u201c \u2013 <em>Brasil 247<\/em> \u2013 22 MAR<\/strong>.<\/p><p>\u201cUma nova peti\u00e7\u00e3o da defesa t\u00e9cnica de Lula enviada ao Supremo Tribunal Federal (STF) revela que a Lava Jato de Curitiba criou conscientemente den\u00fancia falsa sobre compra de ca\u00e7as da FAB, exp\u00f4s a ag\u00eancias dos EUA dados estrat\u00e9gicos de seguran\u00e7a nacional, reafirmando o crime de lesa-p\u00e1tria. Para obter vantagem financeira, via EUA, tentaram envolver a Boeing no caso. A den\u00fancia foi terceirizada para o Minist\u00e9rio P\u00fablico Federal de Bras\u00edlia, que depois encomendou a Curitiba depoimento armado do delator, o ex-ministro Antonio Palocci. Mensagens tamb\u00e9m mostram uso de amea\u00e7a para obter dela\u00e7\u00f5es e envolvimento do juiz Bonat, sucessor de Moro, com os procuradores.\u201c<\/p><p><a href=\"https:\/\/www.brasil247.com\/poder\/nova-peticao-da-defesa-de-lula-comprova-crime-de-lesa-patria-cometido-pela-lava-jato\"><strong><em>https:\/\/www.brasil247.com\/poder\/nova-peticao-da-defesa-de-lula-comprova-crime-de-lesa-patria-cometido-pela-lava-jato<\/em><\/strong><\/a><\/p><pre><em>A \u00edntegra da grav\u00edssima peti\u00e7\u00e3o pode ser lida no site indicado. \u00c9 um caso\u00a0 evidente de aplica\u00e7\u00e3o da Lei de Seguran\u00e7a Nacional. A tudo o que j\u00e1 se sabia sobre a\u00a0 lava jato<strong>. <\/strong>,<strong>e<\/strong>nvolvendo a parcela .local do MPF e o juiz(?)\u00a0 Moro,\u00a0 agora se soma o comportament<strong>o<\/strong> irregular tamb\u00e9m\u00a0 do <strong>j<\/strong>uiz Luiz Antonio <\/em><em>Bonat<\/em><em> (substituto de Moro) e o crime de trai\u00e7\u00e3o! Q que ainda falta para condenar \u00e0 pris\u00e3o toda essa quadrilha?<strong> Ali\u00e1s, <\/strong>a revela\u00e7\u00e3o dos bastidores da lava jato por meio de sucessivas mensagens trocadas entre os procuradores da rep\u00fablica de Curitiba,\u00a0 causa asco a todos os homens de bem. (Ver, em meu facebook, \u201c<\/em><strong>Defesa de Lula aciona Fischer por ignorar STF e dar andamento ao processo do s\u00edtio de Atibaia<\/strong>\u201d e \u201c<strong>Advogados denunciam manobra no STF para aliviar Moro no \u2018caso Lula\u2019\u201d).<\/strong><\/pre><p><strong>7 <\/strong><strong>\u2013<\/strong> \u201c<strong>ACIMA DE TODOS OS LIMITES<\/strong>\u201d\u00a0 \u2013 <strong>Outra Sa\u00fade \u00a0\u2013 29 MAR<\/strong>. \u201c S\u00f3 este ano, mais de <a href=\"https:\/\/outraspalavras.us17.list-manage.com\/track\/click?u=79f2da147f394c1e204d5bf8b&amp;id=271ee4ecab&amp;e=84768c5f47\">28 mil pacientes morreram de covid-19 sem conseguir um leito de UTI<\/a>\u00a0no Brasil. Isso \u00e9 quase 40% de todos os \u00f3bitos\u00a0registrados em 2021. O n\u00famero, &#8230; \u00a0\u00e9 talvez o mais claro atestado do colapso sanit\u00e1rio no pa\u00eds. De janeiro a meados de fevereiro, em alguns estados da regi\u00e3o Norte o percentual de v\u00edtimas que morreram na fila chegou a 60% do total de v\u00edtimas \u2013 s\u00f3 no Amazonas, quase tr\u00eas mil pessoas perderam a vida nessa situa\u00e7\u00e3o. Agora a situa\u00e7\u00e3o \u00e9 pior no Sul: em Santa Catarina e no Rio Grando do Sul, mais de metade das mortes acontece fora das UTIs. <strong>Pelo menos nove estados<\/strong>\u00a0&#8230; \u00a0est\u00e3o com <a href=\"https:\/\/outraspalavras.us17.list-manage.com\/track\/click?u=79f2da147f394c1e204d5bf8b&amp;id=3c80040413&amp;e=84768c5f47\">dificuldades para montar equipes<\/a> de UTI. &#8230; . <strong>Mas a\u00a0falta de condi\u00e7\u00f5es<\/strong> para o cuidado, <a href=\"https:\/\/outraspalavras.us17.list-manage.com\/track\/click?u=79f2da147f394c1e204d5bf8b&amp;id=7909c52a24&amp;e=84768c5f47\">mesmo quando a estrutura existe<\/a>, continua amea\u00e7ando. Em S\u00e3o Paulo, pelo menos duas cidades t\u00eam camas, profissionais e equipamentos, mas come\u00e7aram a transferir pacientes porque faltam os rem\u00e9dios do &#8216;kit intuba\u00e7\u00e3o&#8217;&#8230; <strong>Com 1,6 mil novos \u00f3bitos <\/strong>registrados ontem, o Brasil j\u00e1 tem quase<a href=\"https:\/\/outraspalavras.us17.list-manage.com\/track\/click?u=79f2da147f394c1e204d5bf8b&amp;id=7fcf1fa307&amp;e=84768c5f47\"> 312.299\u00a0\u00f3bitos<\/a> conhecidos ao todo. &#8230; Os dados mais recentes &#8230; \u00a0mostram que os casos de covid-19 <a href=\"https:\/\/outraspalavras.us17.list-manage.com\/track\/click?u=79f2da147f394c1e204d5bf8b&amp;id=cdfad9293b&amp;e=84768c5f47\">entre adultos jovens cresceram seis vezes<\/a>\u00a0em compara\u00e7\u00e3o com o in\u00edcio do ano. As mortes subiram menos, mas tamb\u00e9m bastante: quadruplicaram.\u00a0<br \/><strong>Um dos efeitos <\/strong>da maior contamina\u00e7\u00e3o dos jovens \u00e9 que eles tamb\u00e9m acabam precisando de mais atendimento hospitalar. Como t\u00eam menos comorbidades e seus casos evoluem mais lentamente, eles ocupam leitos por per\u00edodos mais prolongados. &#8230; .\u00a0Na sexta &#8230; o Instituto Butantan anunciou o <a href=\"https:\/\/outraspalavras.us17.list-manage.com\/track\/click?u=79f2da147f394c1e204d5bf8b&amp;id=f220bd65db&amp;e=84768c5f47\">desenvolvimento de uma nova vacina contra a covid-19<\/a>, a ButanVac, &#8230;Horas depois, o ministro da Ci\u00eancia e Tecnologia <a href=\"https:\/\/outraspalavras.us17.list-manage.com\/track\/click?u=79f2da147f394c1e204d5bf8b&amp;id=ba92ef68e2&amp;e=84768c5f47\">Marcos Pontes tentou chegar junto<\/a>: disse que outros imunizantes nacionais tamb\u00e9m est\u00e3o em est\u00e1gio avan\u00e7ado de pesquisa, e que um deles,\u00a0desenvolvido pela Faculdade de Medicina de Ribeir\u00e3o Preto (FMRP), j\u00e1 havia pedido autoriza\u00e7\u00e3o da ag\u00eancia reguladora para o in\u00edcio dos testes em humanos. &#8230;<strong>Outro problema <\/strong>da divulga\u00e7\u00e3o pelo governo de S\u00e3o Paulo \u00e9 a informa\u00e7\u00e3o de que essa vacina seria &#8220;100% nacional, integralmente desenvolvida e produzida no Brasil pelo Instituto Butantan&#8221;, &#8230;. \u00a0N\u00e3o \u00e9 bem assim. &#8230; \u00a0<a href=\"https:\/\/outraspalavras.us17.list-manage.com\/track\/click?u=79f2da147f394c1e204d5bf8b&amp;id=6423b2cd8c&amp;e=84768c5f47\">a tecnologia foi desenvolvida nos Estados Unidos<\/a>,\u00a0por pesquisadores do Instituto Mount Sinai &#8230; <br \/>. O fato de o an\u00fancio ter vindo logo ap\u00f3s o de Jo\u00e3o Doria foi, nas palavras do ministro da Sa\u00fade Marcelo Queiroga,\u00a0 apenas uma &#8220;<a href=\"https:\/\/outraspalavras.us17.list-manage.com\/track\/click?u=79f2da147f394c1e204d5bf8b&amp;id=7289950166&amp;e=84768c5f47\">coincid\u00eancia<\/a>&#8220;.\u00a0<br \/>\u00a0<a href=\"mailto:outrasaude@outraspalavras.net\"><em>outrasaude@outraspalavras.net<\/em><\/a><em>.<\/em><\/p><pre><em>Hoje, dia 7, chegamos \u00e0 assustadora soma de 341 mil \u00a0mortos e a previs\u00e3o de \u00f3bitos no m\u00eas em curso \u00e9 de 100 mil mortos, acordo a Universidade de Washington. <\/em><\/pre><h3><strong>8 \u2013 <\/strong><strong>A epidemia fugiu do controle, e s\u00f3 podemos contar com n\u00f3s mesmos <\/strong><strong>\u2013 <\/strong><strong>Drauzio Varella <\/strong><strong>\u2013 Folha de S\u00e3o Paulo \u2013 29 M<\/strong>AR.<\/h3><p>\u201cOs brasileiros decretaram o fim da epidemia, em novembro do ano passado. Os bares lotaram, multid\u00f5es nas praias, fam\u00edlias reunidas no Natal e no Ano-Novo, festas clandestinas \u00e0 luz da noite espalhadas pelas cidades, Carnaval. A justificativa para esse comportamento est\u00fapido era a de que ningu\u00e9m aguentava mais ficar em casa. Em janeiro, chegaram as f\u00e9rias. &#8230; Alheio a tudo, o\u00a0<a href=\"https:\/\/www1.folha.uol.com.br\/poder\/2019\/08\/pergunta-para-o-paulo-guedes-diz-bolsonaro-sobre-piora-em-indicadores.shtml\">presidente da Rep\u00fablica passeava de jet ski<\/a><u>,<\/u> cumprimentava admiradores e posava sem m\u00e1scara para <em>selfies<\/em>, o Minist\u00e9rio da Sa\u00fade distribu\u00eda o\u00a0<a href=\"https:\/\/www1.folha.uol.com.br\/equilibrioesaude\/2021\/01\/aplicativo-do-ministerio-da-saude-estimula-usar-hidroxicloroquina-para-tratar-covid-ate-em-bebes.shtml\">kit Covid<\/a>, deputados e senadores tentavam aprovar uma\u00a0<a href=\"https:\/\/www1.folha.uol.com.br\/poder\/2021\/02\/entenda-a-pec-que-amplia-a-imunidade-parlamentar-e-reduz-as-chances-de-prisao-de-%0D%20deputados-e-senadores.shtml\">emenda \u00e0 Constitui\u00e7\u00e3o<\/a>\u00a0para livr\u00e1-los da pris\u00e3o em flagrante e faltava coragem \u00e0 maioria de governadores e prefeitos para decretar medidas r\u00edgidas de afastamento social. Os m\u00e9dicos, os sanitaristas e os epidemiologistas que alertavam para as dimens\u00f5es da trag\u00e9dia em gesta\u00e7\u00e3o eram considerados alarmistas &#8230; Deu no que deu:\u00a0<a href=\"https:\/\/www1.folha.uol.com.br\/equilibrioesaude\/2021\/03\/brasil-chega-a-300-mil-mortos-por-covid-apenas-75-dias-depois-de-registrar-200-mil.shtml\">300 mil mortos<\/a>, hospitais com<a href=\"https:\/\/www1.folha.uol.com.br\/equilibrioesaude\/2021\/03\/internacoes-em-utis-por-covid-em-sp-estao-85-acima-de-pico-de-2020-ha-avanco-em-todas-as-regioes.shtml\">\u00a0UTIs<\/a>\u00a0sem leitos para oferecer aos doentes graves, milhares de pacientes morrendo<a href=\"https:\/\/www1.folha.uol.com.br\/equilibrioesaude\/2021\/03\/fila-de-espera-por-leito-de-uti-no-brasil-tem-mais-de-6300-pacientes-com-covid.shtml\">\u00a0\u00e0 espera de uma vaga<\/a>. &#8230; Os hospitais brasileiros est\u00e3o em colapso. Os infectados foram tantos que abrir mais leitos em UTI \u00e9 enxugar gelo. O n\u00famero de \u00f3bitos em casa e nas unidades b\u00e1sicas de sa\u00fade despreparadas para o atendimento \u00e9 enorme. Os estoques de<a href=\"https:\/\/www1.folha.uol.com.br\/colunas\/monicabergamo\/2021\/03\/medicamentos-para-intubar-paciente-devem-acabar-em-20-dias-e-associacoes-pedem-socorro-a-anvisa.shtml\">\u00a0medicamentos para a seda\u00e7\u00e3o<\/a>\u00a0dos doentes entubados chegam ao fim. Come\u00e7am a faltar at\u00e9 corticosteroides e anticoagulantes, medica\u00e7\u00f5es de baixo custo que o Minist\u00e9rio da Sa\u00fade n\u00e3o se preocupou em adquirir. As vacinas perderam o \u2018timing\u2019 para conter a escalada atual. &#8230; O maior complexo de sa\u00fade do Brasil, o Hospital das Cl\u00ednicas [de S\u00e3o Paulo] , recebia, em fevereiro, a m\u00e9dia de 56 pedidos de interna\u00e7\u00e3o; nos \u00faltimos sete dias foram 364, dos quais 110 estavam em estado grave por outras doen\u00e7as e 254 por Covid. &#8230; Parece que nossos dirigentes despertaram para as dimens\u00f5es da trag\u00e9dia que se abateu sobre n\u00f3s.\u00a0<a href=\"https:\/\/www1.folha.uol.com.br\/mercado\/2021\/03\/carta-por-medidas-contra-pandemia-tem-quase-1700-assinaturas-jorge-gerdau-aderiu.shtml\">Empres\u00e1rios e economistas<\/a>\u00a0enviaram um recado duro ao presidente, pena que tardio. O ministro da Economia reconheceu que\u00a0<a href=\"https:\/\/www1.folha.uol.com.br\/mercado\/2021\/03\/e-muito-pouco-ainda-temos-que-melhorar-muito-diz-guedes-sobre-vacinacao.shtml\">sem vacina\u00e7\u00e3o a economia n\u00e3o se recupera<\/a>. S\u00f3 agora percebeu? Por que n\u00e3o disse nada em julho, quando nos foram oferecidos os\u00a0<a href=\"https:\/\/www1.folha.uol.com.br\/equilibrioesaude\/2021\/03\/governo-negou-3-vezes-ofertas-da-pfizer-e-perdeu-ao-menos-3-milhoes-de-doses-de-vacina.shtml\">70 milh\u00f5es de doses da vacina da\u00a0<\/a><a href=\"https:\/\/www1.folha.uol.com.br\/equilibrioesaude\/2021\/03\/governo-negou-3-vezes-ofertas-da-pfizer-e-perdeu-ao-menos-3-milhoes-de-doses-de-vacina.shtml\">Pfizer<\/a>\u00a0que o Minist\u00e9rio da Sa\u00fade rejeitou? Receio de magoar o chefe? O presidente da C\u00e2mara declarou que \u2018tudo tem limite\u2019 \u00a0e que\u00a0<a href=\"https:\/\/www1.folha.uol.com.br\/poder\/2021\/03\/lira-sobe-o-tom-contra-governo-bolsonaro-e-diz-que-crise-pode-provocar-remedios-amargos-alguns-fatais.shtml\">apertava \u2018o bot\u00e3o amarelo\u2019<\/a>. Amarelo, excel\u00eancia? Enquanto 300 mil fam\u00edlias perdiam entes queridos, o sinal estava verde? Deprimente ver os malabarismos circenses do novo ministro da Sa\u00fade, ao justificar que ficava a crit\u00e9rio &#8230; do m\u00e9dico prescrever o<a href=\"https:\/\/www1.folha.uol.com.br\/equilibrioesaude\/2021\/02\/grupo-de-medicos-defende-tratamento-precoce-sem-eficacia-contra-covid-19-em-jornais.shtml\">\u00a0tratamento precoce<\/a>\u00a0com drogas in\u00fateis. Como assim, ministro? &#8230; Finalmente, sob press\u00e3o, o presidente convocou os tr\u00eas Poderes para um convescote pol\u00edtico, com o pretexto de<a href=\"https:\/\/www1.folha.uol.com.br\/equilibrioesaude\/2021\/03\/apos-reuniao-com-poderes-bolsonaro-anuncia-comite-defende-vacinacao-e-prega-tratamento-precoce.shtml\">\u00a0criar um comit\u00ea\u00a0<\/a>para gerir a crise sanit\u00e1ria. Incr\u00edvel, n\u00e3o?&#8230; . A consequ\u00eancia mais nefasta de tantos desmandos, &#8230; foi a de que a epidemia fugiu do controle do sistema de sa\u00fade. Daqui em diante, s\u00f3 podemos contar com n\u00f3s mesmos.<\/p><p><strong><em><u>www1.folha.uol.com.br\/colunas\/drauziovarella\/2021\/03\/a-epidemia-fugiu-do-controle-e-so-podemos-contar-com-nos-mesmos.shtml<\/u><\/em><\/strong><\/p><pre><em>Em mat\u00e9ria\u00a0 de Desmonte sanit\u00e1rio do Pa\u00eds, tudo \u00e9 dito por Varella!<\/em><\/pre><p>\u00a0<\/p>\t\t\t\t\t\t\t\t<\/div>\n\t\t\t\t<\/div>\n\t\t\t\t\t<\/div>\n\t\t<\/div>\n\t\t\t\t\t<\/div>\n\t\t<\/section>\n\t\t\t\t<\/div>\n\t\t","protected":false},"excerpt":{"rendered":"<p>Prezados leitores-amigos, No per\u00edodo\u00a0 compreendido por este\u00a0Desmonte,\u00a0 merece destaque a substitui\u00e7\u00e3o de seis ministros \u00e0 uma, que acabou incluindo tamb\u00e9m a troca dos comandantes militares. Fiel ao proposito de n\u00e3o incluir entre os textos selecionados assuntos que j\u00e1 tenham merecido ampla divulga\u00e7\u00e3o p\u00fablica, o leitor n\u00e3o encontrar\u00e1 no anexo mat\u00e9ria\u00a0 a respeito. N\u00e3o me furto, &hellip; <a href=\"http:\/\/desmontedoestado.com\/?p=384\" class=\"more-link\">Continue lendo<span class=\"screen-reader-text\"> &#8220;N\u00ba 62&#8221;<\/span><\/a><\/p>\n","protected":false},"author":2,"featured_media":0,"comment_status":"open","ping_status":"open","sticky":false,"template":"","format":"standard","meta":{"footnotes":""},"categories":[1],"tags":[],"class_list":["post-384","post","type-post","status-publish","format-standard","hentry","category-uncategorized"],"_links":{"self":[{"href":"http:\/\/desmontedoestado.com\/index.php?rest_route=\/wp\/v2\/posts\/384","targetHints":{"allow":["GET"]}}],"collection":[{"href":"http:\/\/desmontedoestado.com\/index.php?rest_route=\/wp\/v2\/posts"}],"about":[{"href":"http:\/\/desmontedoestado.com\/index.php?rest_route=\/wp\/v2\/types\/post"}],"author":[{"embeddable":true,"href":"http:\/\/desmontedoestado.com\/index.php?rest_route=\/wp\/v2\/users\/2"}],"replies":[{"embeddable":true,"href":"http:\/\/desmontedoestado.com\/index.php?rest_route=%2Fwp%2Fv2%2Fcomments&post=384"}],"version-history":[{"count":4,"href":"http:\/\/desmontedoestado.com\/index.php?rest_route=\/wp\/v2\/posts\/384\/revisions"}],"predecessor-version":[{"id":388,"href":"http:\/\/desmontedoestado.com\/index.php?rest_route=\/wp\/v2\/posts\/384\/revisions\/388"}],"wp:attachment":[{"href":"http:\/\/desmontedoestado.com\/index.php?rest_route=%2Fwp%2Fv2%2Fmedia&parent=384"}],"wp:term":[{"taxonomy":"category","embeddable":true,"href":"http:\/\/desmontedoestado.com\/index.php?rest_route=%2Fwp%2Fv2%2Fcategories&post=384"},{"taxonomy":"post_tag","embeddable":true,"href":"http:\/\/desmontedoestado.com\/index.php?rest_route=%2Fwp%2Fv2%2Ftags&post=384"}],"curies":[{"name":"wp","href":"https:\/\/api.w.org\/{rel}","templated":true}]}}