{"id":461,"date":"2021-10-05T21:56:35","date_gmt":"2021-10-06T00:56:35","guid":{"rendered":"http:\/\/desmontedoestado.com\/?p=461"},"modified":"2021-10-05T23:43:22","modified_gmt":"2021-10-06T02:43:22","slug":"no-68-o-golpe-de-itarare","status":"publish","type":"post","link":"http:\/\/desmontedoestado.com\/?p=461","title":{"rendered":"n\u00ba 68 &#8220;O golpe de Itarar\u00e9 &#8230;&#8221;"},"content":{"rendered":"\t\t<div data-elementor-type=\"wp-post\" data-elementor-id=\"461\" class=\"elementor elementor-461\">\n\t\t\t\t\t\t<section class=\"elementor-section elementor-top-section elementor-element elementor-element-f4627ec elementor-section-boxed elementor-section-height-default elementor-section-height-default\" data-id=\"f4627ec\" data-element_type=\"section\" data-e-type=\"section\">\n\t\t\t\t\t\t<div class=\"elementor-container elementor-column-gap-default\">\n\t\t\t\t\t<div class=\"elementor-column elementor-col-100 elementor-top-column elementor-element elementor-element-b28b021\" data-id=\"b28b021\" data-element_type=\"column\" data-e-type=\"column\">\n\t\t\t<div class=\"elementor-widget-wrap elementor-element-populated\">\n\t\t\t\t\t\t<div class=\"elementor-element elementor-element-0344ca8 elementor-widget elementor-widget-text-editor\" data-id=\"0344ca8\" data-element_type=\"widget\" data-e-type=\"widget\" data-widget_type=\"text-editor.default\">\n\t\t\t\t<div class=\"elementor-widget-container\">\n\t\t\t\t\t\t\t\t\t<p style=\"font-weight: 400;\">Prezados leitores\/amigos,<\/p><p style=\"font-weight: 400;\">Tomo emprestada a jocosa denomina\u00e7\u00e3o de Apporelly (o auto-denominado Bar\u00e3o de Itarar\u00e9) sobre a batalha que acabou n\u00e3o ocorrendo&#8230;<\/p><p style=\"font-weight: 400;\">Tivemos agora epis\u00f3dio que lembra o conhecido humorista. Mas a gra\u00e7a para aqui, De fato, n\u00e3o houve, mas havia muita determina\u00e7\u00e3o para que o golpe ocorresse de fato, mesmo podendo incluir \u00a0derramamento de sangue. Pelo que se l\u00ea, ap\u00f3s o cl\u00edmax criado pelo presidente com suas contundentes declara\u00e7\u00f5es golpistas, seja em Bras\u00edlia seja em S\u00e3o Paulo, ele foi obrigado a recuar devido, ao que consta, \u00e0 falta de atos de indisciplina e de insubordina\u00e7\u00e3o por parte das pol\u00edcias militares nos estados. Certamente, tamb\u00e9m influiu poderosamente a falta de apoio espont\u00e2neo das \u201csuas\u201d For\u00e7as Armadas, mais diretamente, do Alto Comando do Ex\u00e9rcito. Mas\u00a0 n\u00e3o indico tal aspecto como o mais relevante pois, segundo consta,\u00a0 Bolsonaro s\u00f3 contaria com a \u201centrada em campo\u201d dos militares em um segundo tempo, ap\u00f3s a interven\u00e7\u00e3o deles em uma opera\u00e7\u00e3o de LGO, para garantir a ordem nos estados e debelar os atos de indisciplina das PMs.<\/p><p style=\"font-weight: 400;\">Seguiu-se a famosa carta de Bolsonaro\/Temer ao min. Alexandre de Moraes com elogios \u00e0s\u00a0\u00a0qualidades de Moraes como jurista e professor e indicando\u00a0 que os ataques ao STF ocorreram &#8220;no calor do momento&#8221;. Na sequ\u00eancia, ap\u00f3s avaliada a carta pelo Alexandre de Moraes, em comunica\u00e7\u00e3o telef\u00f4nica, o \u201cMito\u201d desculpou-se de viva voz, indicando que \u201cnunca teria tido a inten\u00e7\u00e3o de agredi-lo e que acredita na harmonia entre os Poderes &#8230;\u201d. Tudo teria sido um excesso passageiro no calor das manifesta\u00e7\u00f5es\u00a0 &#8230; (como se o ato n\u00e3o viesse sendo preparado h\u00e1 bastante tempo por ele mesmo!).<\/p><p style=\"font-weight: 400;\">A repercuss\u00e3o da carta e da convoca\u00e7\u00e3o que se sucedeu aos caminhoneiros em greve para que desobstru\u00edssem as estradas pesou bastante junto aos fan\u00e1ticos que o apoiam . Alguns chegaram\u00a0 a declarar o seu desencanto com os recuos de Bolsonaro. Mas a maior parte o desculpou logo a seguir, com base na vers\u00e3o que se apressaram\u00a0 a divulgar: tudo n\u00e3o passava de um recuo t\u00e1tico, o que estava a indicar que\u00a0 Bolsonaro era, sim, um grande estadista ! &#8230;<\/p><p style=\"font-weight: 400;\">A meu ver, dos epis\u00f3dios n\u00e3o restam d\u00favidas sobre tr\u00eas aspectos: em primeiro lugar, ocorreu, sim, uma derrota consider\u00e1vel do capit\u00e3o-presidente que perdeu algum apoio entre os seus; em segundo, o apoio que mant\u00e9m n\u00e3o \u00e9 desprez\u00edvel (cerca de 25%), mais ainda a capacidade que tem de colocar seus seguidores nas ruas (h\u00e1 quem afirme que, boje, no Pa\u00eds, s\u00f3\u00a0 Lula \u00e9 capaz de algo semelhante). De fato, massa apreci\u00e1vel participou dos atos golpistas com\u00a0 palavras de ordem \u2013 como sempre \u2013 a favor do golpe e do fechamento do STF e do Congresso.\u00a0 Em \u00faltimo lugar \u2013\u00a0<em>last but nos the least<\/em> \u2013 s\u00f3 os muito ing\u00eanuos podem acreditar na sinceridade da sua carta de retrata\u00e7\u00e3o e dos seus enunciados bons prop\u00f3sitos futuros para com as Institui\u00e7\u00f5es. Ali\u00e1s, isso ficou claro quando, horas depois da retrata\u00e7\u00e3o, Bolsonaro voltou a atacar o min. Barroso e as urnas eletr\u00f4nicas\u00a0 (ver 4\u00aa not\u00edcia do item 1 do Anexo).<\/p><p style=\"font-weight: 400;\">Fiel a seu temperamento e a todas as atitudes que marcaram sua vida pol\u00edtica pregressa \u2013 e levando em conta, adicionalmente, at\u00e9 o incentivo da \u201cNova \u201cDireita Internacional \u201c do Steve Bannon (no Brasil, representada pelo filho e deputado Eduardo Bolsonaro) \u2013 ele fez um recuo t\u00e1tico para reagrupar suas for\u00e7as. Parece-me certo que, caso chegue a disputar as elei\u00e7\u00f5es, t\u00e3o logo se reafirme sua derrota inevit\u00e1vel (ou, quem sabe, at\u00e9 antes, dependendo das circunst\u00e2ncias, mormente das judiciais), ele\u00a0 volte a tentar golpear as institui\u00e7\u00f5es\u00a0 dessa feita ap\u00f3s melhor \u201ccosturar\u201d o caos estadual a ser estabelecido a partir de PMs insubordinadas e \u2013 quem sabe \u2013 assegurar alguma participa\u00e7\u00e3o de militares mais \u201cafoitos\u201d. Tal \u00e9, ali\u00e1s, o sentimento dos setores mais bem informados do exterior, onde \u00e9 vis\u00edvel a desconfian\u00e7a de que n\u00e3o se esgotou o arsenal golpista Exemplo mais evidente \u00e9 representado pela carta enviada, ao presidente Biden, dia 28 p. p., pelo presidente\u00a0 da Comiss\u00e3o de Rela\u00e7\u00f5es Exteriores do Senado americano e outros senadores, solicitando que\u00a0 Bolsonaro seja bem cientificado de que caso ocorra qualquer ruptura democr\u00e1tica no Brasil, o fato\u00a0 &#8220;ter\u00e1 s\u00e9rias consequ\u00eancias\u201d. (<a href=\"http:\/\/www.brasil247.com\/mundo\/eua-em-carta-senadores-pedem-a-biden-serias-consequencias-contra-bolsonaro-em-caso-de-golpe-no-brasil\" data-saferedirecturl=\"https:\/\/www.google.com\/url?q=http:\/\/www.brasil247.com\/mundo\/eua-em-carta-senadores-pedem-a-biden-serias-consequencias-contra-bolsonaro-em-caso-de-golpe-no-brasil&amp;source=gmail&amp;ust=1633558611099000&amp;usg=AFQjCNHRPts2PQrsJZQMIoxtYd2z_CVMtA\"><strong><em>www.brasil247.com\/mundo\/eua-em-carta-senadores-pedem-a-biden-serias-consequencias-contra-bolsonaro-em-caso-de-golpe-no-brasil<\/em><\/strong><\/a><strong><em><u>\u00a0)<\/u><\/em><\/strong><\/p><p style=\"font-weight: 400;\">Curioso \u00e9 mencionar como, neste breve tempo em que, sen\u00e3o mudo, pelo menos Bolsonaro refluiu consideravelmente o volume de sandices que costumava proferir diariamente, o ambiente pol\u00edtico ficou mais distendido. Curioso, mas plenamente compreens\u00edvel &#8230;<\/p><p style=\"font-weight: 400;\">A not\u00edcia que consta no Anexo (n\u00ba 3) sobre o avan\u00e7o das duas a\u00e7\u00f5es contra o Bolsonaro no TSE\u00a0 merece destaque, pois h\u00e1 a possibilidade do julgamento ocorrer ainda em outubro. Se a possibilidade de cassa\u00e7\u00e3o da chapa \u00e9 considerada pouco prov\u00e1vel, por falta de apoio pol\u00edtico, parece que a possibilidade de inelegibilidade tem mais chance de aprova\u00e7\u00e3o. Afinal, iria beneficiar a cambaleante Terceira Via dos nem-nem (nem Lula nem Bolsonaro). E j\u00e1 seria um grande al\u00edvio saber que o Pa\u00eds estaria, judicialmente, livre de uma segunda gest\u00e3o Bolsonaro (j\u00e1 de per si pouco prov\u00e1vel). De fato, \u00e9 solu\u00e7\u00e3o que me agrada at\u00e9 mais do que o impeachment, processo lento e que levaria ao poder o Mour\u00e3o \u2013 mais do mesmo em termos de pol\u00edtica econ\u00f4mica, a meu ver, causa maior da debacle pol\u00edtico-econ\u00f4mica-social que ora vivemos (sendo curioso constatar-se\u00a0 que, embora respons\u00e1vel direto em rela\u00e7\u00e3o a v\u00e1rias das barbaridades a que estamos submetidos,\u00a0 o superministro da Economia \u00e9 relativamente poupado de\u00a0 cr\u00edticas mais contundentes!) !<\/p><p style=\"font-weight: 400;\">Fica a sugest\u00e3o presente em Desmontes anteriores: a leitura paulatina do Anexo, com prioridade aos assuntos de maior\u00a0 interesse a cada um.<\/p><p style=\"font-weight: 400;\">Cordial abra\u00e7o do<\/p><p style=\"font-weight: 400;\">Luiz Philippe da Costa Fernandes<\/p><p>.<\/p>\t\t\t\t\t\t\t\t<\/div>\n\t\t\t\t<\/div>\n\t\t\t\t\t<\/div>\n\t\t<\/div>\n\t\t\t\t\t<\/div>\n\t\t<\/section>\n\t\t\t\t<section class=\"elementor-section elementor-top-section elementor-element elementor-element-57be817 elementor-section-boxed elementor-section-height-default elementor-section-height-default\" data-id=\"57be817\" data-element_type=\"section\" data-e-type=\"section\">\n\t\t\t\t\t\t<div class=\"elementor-container elementor-column-gap-default\">\n\t\t\t\t\t<div class=\"elementor-column elementor-col-100 elementor-top-column elementor-element elementor-element-8ec90a0\" data-id=\"8ec90a0\" data-element_type=\"column\" data-e-type=\"column\">\n\t\t\t<div class=\"elementor-widget-wrap elementor-element-populated\">\n\t\t\t\t\t\t<div class=\"elementor-element elementor-element-c2bf6e3 elementor-widget elementor-widget-text-editor\" data-id=\"c2bf6e3\" data-element_type=\"widget\" data-e-type=\"widget\" data-widget_type=\"text-editor.default\">\n\t\t\t\t<div class=\"elementor-widget-container\">\n\t\t\t\t\t\t\t\t\t<h3>ARTIGOS SELECIONADOS PARA O DESMONTE N\u00ba\u00a0 68<\/h3><h4>1 \u2013 \u201cPilulas de um governo pat\u00e9tico!\u201d \u2013 [t\u00edtulo meu] \u2013 \u00a0\u00a0datas diversas.<\/h4><p>&#8211; \u00a0<strong>\u201cBolsonaro mostra medalha de &#8220;imbroch\u00e1vel&#8221; a apoiadores\u201d <\/strong><strong>\u2013 31 AGO<\/strong><strong>.<br \/><\/strong>\u00a0\u201cJair Bolsonaro resolveu mostrar para seus apoiadores uma medalha do &#8220;Clube Bolsonaro&#8221;, com o lema &#8220;imorr\u00edvel, imbroch\u00e1vel e incom\u00edvel&#8221;.\u00a0\u00a0\u00a0\u00a0\u00a0\u00a0\u00a0\u00a0\u00a0\u00a0\u00a0\u00a0\u00a0\u00a0\u00a0\u00a0\u00a0\u00a0\u00a0\u00a0\u00a0\u00a0\u00a0\u00a0 <em>!!!!!!<\/em><\/p><p>&#8211;\u00a0 <strong>\u201cEm nova amea\u00e7a, homem diz que empres\u00e1rio \u201cpaga pela cabe\u00e7a\u201d de Moraes e ex-PM intimida familiares do ministro\u201d\u00a0 <\/strong><strong>\u2013 <\/strong><strong>05 SET.<\/strong><br \/>\u00a0\u201cUm dia depois de Jair Bolsonaro ter insuflado sua base contra o ministro do STF, bolsonaristas postam amea\u00e7as de morte nas redes sociais, \u00e0s v\u00e9speras do 7 de setembro.\u201d\u00a0 \u00a0<\/p><pre> <em>Espero que agora sofra as consequ\u00eancias pelo ato impensado.<\/em><\/pre><p>&#8211; <strong>\u201cEm plena pandemia, governo Bolsonaro deixa vencer R$ 243 milh\u00f5es em vacinas, testes e rem\u00e9dios\u201d <\/strong><strong>\u2013 <\/strong><strong>06\u00a0 SET<\/strong><br \/>\u00a0\u00a0 \u201cEm mais uma demonstra\u00e7\u00e3o de descaso com o combate \u00e0 pandemia e o dinheiro p\u00fablico, o Minist\u00e9rio da Sa\u00fade vai incinerar estoque de vacinas e medicamentos. .\u201d\u00a0\u00a0<\/p><pre> <em>Capacidade gerencial: zero! Isto deveria ser apurado e ter consequ\u00eancias!<\/em><\/pre><p><strong>&#8211;\u00a0 \u201cHoras ap\u00f3s recuo, Bolsonaro volta a atacar Barroso\u201d \u2013 10<\/strong><strong>\u00a0 SET<\/strong><br \/>\u00a0\u00a0 \u201cDeclara\u00e7\u00e3o foi feita horas ap\u00f3s nota de recuo em que diz que vai respeitar as institui\u00e7\u00f5es. &#8230;\u201d \u00a0\u00a0\u00a0\u00a0\u00a0\u00a0\u00a0\u00a0\u00a0\u00a0\u00a0\u00a0<\/p><pre><em>Algu\u00e9m, de boa f\u00e9, acreditou na tal carta de Bolsonaro\/Temer?<\/em><\/pre><p><strong>&#8211; \u201cSenado e Supremo imp\u00f5em duras derrotas a Bolsonaro e enterram MP das fake News\u201d \u2013 15<\/strong><strong> SET.<\/strong><br \/>\u00a0\u201cO presidente do Senado, Rodrigo Pacheco, e a ministra do STF Rosa Weber impedem a altera\u00e7\u00e3o do Marco Civil da Internet, pretendida por Bolsonaro para proteger seus crimes de difus\u00e3o de fake news .\u201d<\/p><p><strong>&#8211; \u201c&#8217;Gabinete paralelo&#8217; de Bolsonaro tinha liga\u00e7\u00e3o com a Prevent Senior, diz documento\u201d \u2013 18<\/strong><strong>\u00a0 SET<em>.<\/em><\/strong><em><br \/><\/em>\u201dUm documento subscrito por 15 m\u00e9dicos que afirmam ter trabalhado na operadora de sa\u00fade Prevent Senior sustenta que o chamado \u2018gabinete paralelo\u2019 do Pal\u00e1cio do Planalto n\u00e3o s\u00f3 tinha conhecimento, como acompanhava de perto as pr\u00e1ticas ilegais da empresa.\u201d \u00a0\u00a0\u00a0\u00a0\u00a0\u00a0\u00a0\u00a0\u00a0\u00a0\u00a0\u00a0\u00a0\u00a0<\/p><p><strong>&#8211; \u201cCarlos e Eduardo buscam terceirizar a empresas americanas disparos de fake news nas redes\u201d \u2013 19<\/strong><strong> \u00a0SET<\/strong><br \/>\u00a0\u00a0 \u201cA terceiriza\u00e7\u00e3o do servi\u00e7o de disparo de mensagens para o exterior dificultaria a fiscaliza\u00e7\u00e3o dos \u00f3rg\u00e3os judiciais.\u201d<em>.\u00a0 <\/em><\/p><pre><em>Patifes geralmente s\u00e3o criativos ...<\/em><em>\u00a0\u00a0\u00a0\u00a0\u00a0\u00a0\u00a0\u00a0\u00a0\u00a0\u00a0\u00a0\u00a0 <\/em>\u00a0<\/pre><p><strong>&#8211;\u00a0 \u201cCom o pa\u00eds ainda em pandemia, governo Bolsonaro vai retirar 25 bilh\u00f5es de reais da Sa\u00fade\u201d \u2013 26<\/strong><strong> SET<\/strong>.<br \/>\u00a0\u201cCom fim do or\u00e7amento extraordin\u00e1rio da pandemia, despesa em sa\u00fade ter\u00e1 de voltar a obedecer \u00e0 regra de arrocho neoliberal imposta pela dupla Bolsonaro-Guedes .\u201d<\/p><p><strong>\u00a0&#8211; \u201cMour\u00e3o leva 32 funcion\u00e1rios para viagem de 12 dias ao Egito, Dubai e Gr\u00e9cia\u201d \u2013 26 SET.\u00a0<\/strong> \u00a0<br \/>\u201cOs funcion\u00e1rios do gabinete do vice-presidente ficar\u00e3o distribu\u00eddos entre os tr\u00eas pa\u00edses para dar assist\u00eancia a ele.\u201d<\/p><pre><em>Nossos diplomatas em cada pa\u00eds n\u00e3o teriam condi\u00e7\u00f5es de prestar o apoio?<\/em><\/pre><p><strong>&#8211;\u00a0 \u201cSem realiza\u00e7\u00f5es importantes, Bolsonaro vai \u2018comemorar\u2019 mil dias de governo \u00a0com inaugura\u00e7\u00e3o de 10km de asfalto\u201d\u00a0 \u2013 26<\/strong><strong> SET<\/strong><br \/>. \u00a0\u201c &#8230; entrega de 5,4 km de duplica\u00e7\u00e3o da BR 116 e mais 5 km da BR-101, em Teixeira de Freitas. \u00a0&#8230;\u201d\u00a0\u00a0\u00a0\u00a0\u00a0\u00a0 \u00a0\u00a0\u00a0\u00a0\u00a0\u00a0\u00a0\u00a0\u00a0\u00a0\u00a0\u00a0\u00a0\u00a0\u00a0\u00a0\u00a0\u00a0\u00a0\u00a0\u00a0\u00a0<\/p><pre><em>!!!<\/em><\/pre><p>&#8211; <strong>\u201cRelat\u00f3rio do TCU indica gasto de R$ 1 milh\u00e3o da Presid\u00eancia com motociatas de Bolsonaro; caso ser\u00e1 julgado nesta quarta-feira\u201d <\/strong><strong>\u2013 29<\/strong><strong> SET<\/strong>.<\/p><h4>2 -\u201c Na pandemia, Brasil atinge 65 bilion\u00e1rios e 19,1 milh\u00f5es de famintos\u201d \u2013 Leonardo Sakamoto\u00a0 \u2013 UOL \u2013 06 ABR<\/h4><p>. \u201c&#8230;\u00a0 o Brasil atingiu duas marcas durante a pandemia que s\u00e3o antag\u00f4nicas &#8230;\u00a0 passou a ter 20 bilion\u00e1rios a mais que no ano passado e, ao mesmo tempo, registrou 9% de famintos &#8211; a maior taxa desde 2004. De acordo com o ranking anual da revista Forbes, houve uma explos\u00e3o no n\u00famero de bilion\u00e1rios &#8230; . A lista registrou [no mundo] \u00a0um recorde de 493 novatos, ou seja, um bilion\u00e1rio a mais a cada 17 horas. \u00a0&#8230; Conta com 2.755 indiv\u00edduos. No Brasil, a quantidade de bilion\u00e1rios foi de 45 para 65, com um aumento de patrim\u00f4nio total de 72%: de 127,1 para 219,1 bilh\u00f5es de d\u00f3lares. Os n\u00fameros foram divulgados [no dia], em que o governo federal retomou o pagamento do novo aux\u00edlio emergencial. [com valores que variam\u00a0 de R$ 150 a R$ 375]. O piso vai comprar apenas 23% da cesta b\u00e1sica em S\u00e3o Paulo, segundo o Dieese &#8230; Pesquisa divulgada, nesta segunda (5), pela Rede Brasileira de Pesquisa em Soberania e Seguran\u00e7a Alimentar e Nutricional apontou que o pa\u00eds somou 19,1 milh\u00f5es de pessoas que passaram fome em um universo de 116,8 milh\u00f5es que conviveram com algum grau de inseguran\u00e7a alimentar (n\u00e3o tendo acesso pleno e permanente \u00e0 comida) &#8230; A fome atingiu 9% da popula\u00e7\u00e3o, a maior taxa desde os 9,5% de 2004. &#8230; .\u00a0 \u2018\u00c9 aviltante que o n\u00famero de bilion\u00e1rios tenha aumentado em uma crise de grandes propor\u00e7\u00f5es como a que estamos enfrentando. Isso refor\u00e7a a urg\u00eancia de procurar formas nacionais e globais de enfrentar a concentra\u00e7\u00e3o de privil\u00e9gios, que faz com que exista um setor da sociedade que sempre ganha\u2019, afirmou Katia Maia. diretora executiva da Oxfam Brasil. Ela chama de \u2018aberra\u00e7\u00e3o\u2019 o fato de o pa\u00eds ter um pequeno grupo em uma \u2018categoria premium\u2019, que concentra a riqueza, e 116,8 milh\u00f5es sem saber se ir\u00e3o comer todos os dias. &#8230; Em outros locais mais ricos &#8230; discute-se a taxa\u00e7\u00e3o tempor\u00e1ria de multimilion\u00e1rios e bilion\u00e1rios para ajudar na situa\u00e7\u00e3o fiscal de seus pa\u00edses durante a pandemia. Houve at\u00e9 um documento assinado por super-ricos dos Estados Unidos, Alemanha, Reino Unido, Canad\u00e1, Dinamarca, Holanda, Nova Zel\u00e2ndia, entre outros, chamado de \u2018Milion\u00e1rios pela Humanidade\u2019, pedindo para que seus pa\u00edses joguem os custos da pandemia de coronav\u00edrus em suas costas. No Brasil, a progressividade de cobran\u00e7a de impostos, taxando de fato os super-ricos, \u00e9 um dos temas tabus da sempre adiada Reforma Tribut\u00e1ria e causa calafrios em uma parcela do mercado. T\u00e3o tabu quanto outro assunto que est\u00e1 diretamente relacionado a esse debate: a emenda do teto dos gastos. Pois a quest\u00e3o n\u00e3o \u00e9 s\u00f3 gerar receita, mas possibilitar que se aumente os gastos com os trabalhadores pobres &#8211; o que \u00e9 proibido por conta das travas dessa legisla\u00e7\u00e3o. A desigualdade dificulta que as pessoas vejam a si mesmas e as outras pessoas como iguais e merecedoras da mesma considera\u00e7\u00e3o. Leva \u00e0 percep\u00e7\u00e3o de que o poder p\u00fablico existe para servir aos mais abonados e controlar os mais pobres. &#8230; Com o tempo, a desigualdade leva \u00e0 descren\u00e7a nas institui\u00e7\u00f5es. O que ajuda a explicar o momento em que vivemos hoje.<\/p><p><a href=\"https:\/\/noticias.uol.com.br\/colunas\/leonardo-sakamoto\/2021\/04\/06\/na-pandemia-brasil-atinge-65-bilionarios-e-191-milhoes-de-famintos.htm\"><em>https:\/\/noticias.uol.com.br\/colunas\/leonardo-sakamoto\/2021\/04\/06\/na-pandemia-brasil-atinge-65-bilionarios-e-191-milhoes-de-famintos.htm<\/em><\/a><\/p><pre><em>Como pode ser verificado, tal not\u00edcia (ABR 21), \u00e9 extempor\u00e2nea ao per\u00edodo do atual Desmonte. Mas a exce\u00e7\u00e3o justifica-se\u00a0 plenamente pois se vai ao \u00e2mago do desmonte do Estado brasileiro. E, arrisco-me a indicar que \u00e9 problema que afeta a pr\u00f3pria seguran\u00e7a nacional, O acr\u00e9scimo do n\u00famero de bilion\u00e1rios em nosso Pa\u00eds, em ano de pandemia e de aumento de famintos, configura algo profundamente injusto e indecente. Como se pode ganhar tanto dinheiro em \u00e9poca de mis\u00e9ria e fome, quando a ind\u00fastria produz menos e o poder aquisitivo da popula\u00e7\u00e3o despencou? \u00c0 \u00e9poca do artigo, o Brasil contava com\u00a0 19,1 milh\u00f5es de pessoas que passavam fome em um universo de 116,8 milh\u00f5es que conviveram com algum grau de inseguran\u00e7a alimentar. Certamente, na atualidade, com o aumento do desemprego e da infla\u00e7\u00e3o, a situa\u00e7\u00e3o ainda \u00e9 pior (o que, dentro da vergonhosa \u201cl\u00f3gica social\u201d ora vigente\u00a0\u00a0 possivelmente vai resultar em aumento correspondente no n\u00famero de bilion\u00e1rios brasileiros ...). Acrescento, em tempo: quem n\u00e3o viu a vergonhosa e chocante fotografia publicada no jornal Extra, dia 28 p, p.? Rio de Janeiro, bairro da Gl\u00f3ria: um caminh\u00e3o despeja na rua pelancas e ossos de carne que s\u00e3o disputados avidamente por uma multid\u00e3o de famintos. Informa-se que a cena n\u00e3o \u00e9 incomum!<\/em><\/pre><h4>3 &#8211; \u201cAvan\u00e7o das a\u00e7\u00f5es contra chapa de Bolsonaro para 2022 ainda dependeria de aval da pol\u00edtica\u201d \u2013 Thais Arbex \u2013\u00a0 CNN Brasil \u2013 30 AGO.<\/h4><p>\u00a0\u201cAs duas a\u00e7\u00f5es que pedem a cassa\u00e7\u00e3o da chapa do presidente\u00a0<a href=\"https:\/\/develop.cnnbrasil.com.br\/tudo-sobre\/jair-bolsonaro\/\">Jair Bolsonaro<\/a>\u00a0por disparos de mensagens em massa durante a campanha eleitoral de 2018 est\u00e3o prontas para julgamento pelo plen\u00e1rio do TSE (Tribunal Superior Eleitoral). Na avalia\u00e7\u00e3o de integrantes do tribunal, por\u00e9m, embora j\u00e1 tenham s\u00f3lida base de sustenta\u00e7\u00e3o jur\u00eddica, os processos s\u00f3 avan\u00e7am para uma poss\u00edvel responsabiliza\u00e7\u00e3o de Bolsonaro e seu vice, Hamilton Mour\u00e3o, se o mundo pol\u00edtico fizer sinais nesse sentido. Isso porque o resultado pode ser a cassa\u00e7\u00e3o dos dois e, consequentemente, a convoca\u00e7\u00e3o de elei\u00e7\u00f5es indiretas pelo Congresso. A avalia\u00e7\u00e3o de integrantes do tribunal &#8230; \u00e9 a de que os requisitos t\u00e9cnicos \u2013considerados robustos\u2013 precisam estar atrelados a condi\u00e7\u00f5es pol\u00edticas. Ou seja &#8230; o TSE n\u00e3o cassar\u00e1 uma chapa presidencial se n\u00e3o houver um apelo pol\u00edtico de l\u00edderes do Congresso ,,, o que consideram hoje n\u00e3o ter. &#8230; uma parte do Judici\u00e1rio tamb\u00e9m avalia que os ataques do presidente a integrantes da corte t\u00eam como objetivo criar dificuldades para o julgamento das a\u00e7\u00f5es. Ministros entendem que, por meio do embate com o TSE, Bolsonaro busca dar for\u00e7a \u00e0 tese de que o andamento dos processos configura persegui\u00e7\u00e3o . &#8230; Na pr\u00e1tica, caso o TSE decida pela responsabiliza\u00e7\u00e3o eleitoral da chapa formada por Bolsonaro e Mour\u00e3o, a eles podem ser aplicadas as san\u00e7\u00f5es de inelegibilidade por oito anos e a cassa\u00e7\u00e3o.<\/p><p><a href=\"https:\/\/www.cnnbrasil.com.br\/politica\/avanco-das-acoes-contra-chapa-de-bolsonaro-para-2022-ainda-dependeria-de-aval-da-politica\/\"><strong><em>https:\/\/www.cnnbrasil.com.br\/politica\/avanco-das-acoes-contra-chapa-de-bolsonaro-para-2022-ainda-dependeria-de-aval-da-politica\/<\/em><\/strong><\/a><\/p><pre><em>Fato da maior import\u00e2ncia e que n\u00e3o vem sendo repercutido devidamente pela m\u00eddia., Bolsonaro j\u00e1 declarou quem caso seja prejudicado pelo TSE \u201cir\u00e1 reagir\u201d... Nova tentativa de golpe?<\/em><\/pre><h4>4 \u2013 \u201c\u2018Raramente vi um pa\u00eds onde a elite tem tanto desprezo pelos pobres como o Brasil\u2019, diz Noam Chomsky\u201d \u2013 247 \u2013 30 AGO<\/h4><p>. \u201c &#8230; Noam Chomsky, um dos maiores pensadores da atualidade, afirmou &#8230; que a elite brasileira possui um \u00f3dio \u2018enraizado\u2019 contra os mais pobres e a classe trabalhadora. Chomsky v\u00ea no avan\u00e7o da pol\u00edtica econ\u00f4mica de Paulo Guedes a express\u00e3o m\u00e1xima do desprezo pelos pobres. \u2018O Brasil \u00e9 uma esp\u00e9cie de caso especial. Raramente vi um pa\u00eds onde elementos da elite t\u00eam tanto desprezo e \u00f3dio pelos pobres e pelo povo trabalhador. \u00c9 enraizado. N\u00e3o pretendo saber muito sobre isso, mas pela minha limitada experi\u00eancia, foi isso que vi\u2019, afirmou. Para ele, o avan\u00e7o das privatiza\u00e7\u00f5es significa uma \u2018transfer\u00eancia de poder\u2019 da esfera p\u00fablica para a esfera privada, que n\u00e3o possui a obriga\u00e7\u00e3o social de beneficiar a popula\u00e7\u00e3o.\u00a0<a href=\"https:\/\/www.brasil247.com\/brasil\/camara-conclui-votacao-e-aprova-projeto-de-privatizacao-dos-correios\">A privatiza\u00e7\u00e3o dos Correios<\/a>, por exemplo, \u00e9 mais um passo na \u2018destrui\u00e7\u00e3o do pa\u00eds\u2019, explicou o professor. \u2018Voc\u00ea tem uma das pessoas que atualmente est\u00e1 empenhada em destruir o Brasil, Paulo Guedes \u00e9 um grande expoente disso. Ouvi da minha esposa, que \u00e9 brasileira &#8230; \u00a0que o \u00faltimo esfor\u00e7o \u00e9 privatizar os Correios, pelo menos as partes lucrativas dos Correios. O p\u00fablico pode pagar pelas partes que apenas servem o p\u00fablico e n\u00e3o fazem dinheiro, mas as partes que fazem dinheiro, entregue-as ao poder privado. Essa \u00e9 a f\u00f3rmula do Guedes, privatizar tudo. Se lembra disso? &#8230; \u00a0isso significa entregar tudo ao poder privado e ao capital internacional. Uma maneira de destruir um pa\u00eds. Ele tinha pr\u00e1tica nisso, tendo trabalhando sob a ditadura de Pinochet, que, na verdade, destruiu o pa\u00eds. Vemos o que est\u00e1 acontecendo agora no Chile como um esfor\u00e7o para resgatar algo dos destro\u00e7os, mas o neoliberalismo faz isso em escala internacional. Por isso danificou gravemente a democracia, em quase todos os lugares, e por raz\u00f5es perfeitamente \u00f3bvias. O problema com o governo \u00e9 que ele responde parcialmente \u00e0 opini\u00e3o popular, n\u00e3o totalmente \u00e9 claro, mas pelo menos responde de alguma forma. Portanto, isso \u00e9 ruim. \u2018Temos que mover o poder das concentra\u00e7\u00f5es privadas de poder, que n\u00e3o t\u00eam nenhuma responsabilidade, nenhuma presta\u00e7\u00e3o de contas\u2019, explicou. \u2018Na verdade, isso foi explicitado pelo guru do movimento neoliberal, a pessoa de quem o seu amigo Paulo Guedes aprendeu Economia. Ele escreveu um artigo famoso que diz que as corpora\u00e7\u00f5es t\u00eam uma \u00fanica responsabilidade, o lucro, gerar lucro para si mesmas. As corpora\u00e7\u00f5es s\u00e3o, na verdade, um presente do p\u00fablico. Incorporar \u00e9 um presente significativo ao contribuinte, voc\u00ea ganha muitos benef\u00edcios com isso. N\u00e3o quer aceitar, ou n\u00e3o gosta? Forme uma parceria, d\u00ea o presente. Mas deste presente, de acordo com as doutrinas do Friedman (Milton) e do Guedes, voc\u00ea n\u00e3o tem nenhuma responsabilidade. Somente se enrique\u00e7a, nenhuma responsabilidade com o p\u00fablico, com a for\u00e7a de trabalho, com nada\u2019, prosseguiu Chomsky. &#8230; \u00a0O rebaixamento dos mais pobres, atrav\u00e9s da pol\u00edtica de Guedes, favorece a manuten\u00e7\u00e3o das classes dominantes no poder, explicou o professor.<\/p><p><a href=\"https:\/\/www.brasil247.com\/ideias\/raramente-vi-um-pais-onde-a-elite-tem-tanto-desprezo-pelos-pobres-como-o-brasil-diz-noam-chomsky\">https:\/\/www.brasil247.com\/ideias\/raramente-vi-um-pais-onde-a-elite-tem-tanto-desprezo-pelos-pobres-como-o-brasil-diz-noam-chomsky<\/a><\/p><pre><em>Por acaso, este artigo se sucede ao de Sakamoto e o complementa. Mas, no caso, adicionando opini\u00e3o de enorme credencial, a de um dos pensadores\u00a0 mais respeitados na atualidade.\u00a0 Sobre ele, reproduzo da Wikip\u00e9dia: \u201c<\/em><strong><em>linguista, fil\u00f3sofo, soci\u00f3logo, cientista cognitivo, comentarista e ativista pol\u00edtico norte-americano,<\/em><\/strong><em>\u00a0reverenciado ... \u00a0como \u2018o pai da lingu\u00edstica moderna\u2019, tamb\u00e9m \u00e9 uma das mais renomadas figuras no campo da filosofia anal\u00edtica. ... Professor Em\u00e9rito em Lingu\u00edstica no Instituto de Tecnologia de Massachusetts\u201d<\/em><\/pre><h4>5 &#8211; \u201cConsulado da China no Rio sofre atentado a bomba \u2013 Diplomacia Business\u00a0\u00a0 \u2013 18 SET.<\/h4><p>\u201cA Pol\u00edcia Civil est\u00e1 \u00e0 procura do homem que jogou uma bomba contra a sede do consulado da China no Rio de Janeiro. O atentado ocorreu na noite de quinta-feira (16) e foi gravado por c\u00e2meras de seguran\u00e7a do consulado. O homem &#8230; vem caminhando pela cal\u00e7ada em frente a representa\u00e7\u00e3o diplom\u00e1tica, que fica no bairro de Botafogo &#8230; \u00a0Rapidamente, ele acende o artefato e o lan\u00e7a sobre o muro. Em seguida, ele sai correndo e a bomba explode. &#8230; Exames periciais foram realizados pelo Instituto de Criminal\u00edstica Carlos \u00c9boli (ICCE) e pelo Esquadr\u00e3o Antibomba.\u00a0<\/p><p><a href=\"https:\/\/www.diplomaciabusiness.com\/consulado-da-china-no-rio-sofre-atentado-a-bomba\/\"><em>https:\/\/www.diplomaciabusiness.com\/consulado-da-china-no-rio-sofre-atentado-a-bomba\/<\/em><\/a><\/p><pre><em>O acontecimento \u00e9 recente e est\u00e1 na lembran\u00e7a de todos. \u00a0A meu ver, n\u00e3o mereceu o destaque devido. N\u00e3o tanto pelo fato em si, mas por causa dos desdobramentos que ele pode sugerir. Sen\u00e3o, vejamos: muito provavelmente um bolsonarista, inflamado pela atitude hostil do governo em rela\u00e7\u00e3o \u00e0 China, mesmo ap\u00f3s o golpe tentado no dia sete anterior, decide construir um explosivo caseiro e arriscar-se a transport\u00e1-lo e lan\u00e7\u00e1-lo contra um local diplom\u00e1tico. Quest\u00f5es que o fato levanta: quantos bolsonaristas fan\u00e1ticos (sempre considerando que o autor seja adepto radical do \u201cMito\u201d) n\u00e3o estariam dispostos a atos terroristas do g\u00eanero? Com tanto armamento pesado em poder de tais radicais n\u00e3o poder\u00e3o ocorrer atentados a bala (ali\u00e1s, at\u00e9 com armamento leve) mais adiante? O assunto deveria merecer aten\u00e7\u00e3o. especialmente do GSI, mas ...<\/em><\/pre><h4>6- \u201cMinist\u00e9rio P\u00fablico aponta Carlos Bolsonaro como \u2018benefici\u00e1rio final\u2019 de organiza\u00e7\u00e3o criminosa&#8221; \u2013 Isto \u00c9 &#8211; Dinheiro\u00a0\u00a0 \u2013 25 SET.<\/h4><p>\u00a0\u201cO Minist\u00e9rio P\u00fablico do Rio de Janeiro apontou ind\u00edcios de que o vereador Carlos Bolsonaro (Republicanos), filho 02 do ocupante do Pal\u00e1cio do Planalto, era o \u2018benefici\u00e1rio final\u2019 de uma organiza\u00e7\u00e3o criminosa suspeita de desviar sal\u00e1rios de assessores em seu gabinete na C\u00e2mara Municipal.\u00a0 Segundo as apura\u00e7\u00f5es da Promotoria, um lugar de destaque nessa estrutura criminosa era ocupado por Ana Cristina Siqueira Valle, ex-chefe de gabinete de Carlos e segunda ex-mulher de Jair Bolsonaro, informa\u00a0O Estado de S.Paulo. \u2018Na presente investiga\u00e7\u00e3o, pelos elementos de provas colhidos j\u00e1 \u00e9 poss\u00edvel vislumbrar ind\u00edcios da exist\u00eancia de uma organiza\u00e7\u00e3o criminosa caracterizada pela perman\u00eancia e estabilidade, formada desde o ano de 2001 por diversos assessores nomeados pelo Parlamentar (&#8230;)\u2019, escrevem os promotores. O esquema teria operado desde o in\u00edcio do primeiro mandato de Carlos Bolsonaro. Ana Cristina Siqueira Valle trabalhou no gabinete at\u00e9 2008.\u00a0<\/p><p><a href=\"https:\/\/www.istoedinheiro.com.br\/mp-aponta-carlos-bolsonaro-como-beneficiario-final-de-organizacao-criminosa\/\">\u00a0<em>https:\/\/www.istoedinheiro.com.br\/mp-aponta-carlos-bolsonaro-como-beneficiario-final-de-organizacao-criminosa\/<\/em><\/a><\/p><pre><em>A not\u00edcia, al\u00e9m de seu interesse intr\u00ednseco, tem outro subjacente e relevante: o presidente. sentindo o cerco judicial apertar contra si e seus filhos tende a ser o \u201cBolsonaro de sempre\u201d, voltando a agredir o \u00a0Judici\u00e1rio, a afrontar ministros do Supremo e a retomar assuntos como urna eletr\u00f4nica. Assim, h\u00e1 raz\u00f5es para crer que, recorrendo\u00a0 \u00e0 sua costumeira\u00a0 estrat\u00e9gia de desviar a aten\u00e7\u00e3o da opini\u00e3o p\u00fablica, em futuro pr\u00f3ximo, Bolsonaro venha a esquecer a tal carta e volte a tentar abalar as institui\u00e7\u00f5es do Pa\u00eds. Espero estar enganado\u00a0 ... <\/em><\/pre><h4>7 &#8211; \u201cCinco Fal\u00e1cias do sr. Silva e Luna, atual presidente da Petrobr\u00e1s, na C\u00e2mara dos Deputados\u201d \u00a0\u2013 Felipe Coutinho \u2013 247\u00a0\u00a0 \u2013 26 SET.<\/h4><p>\u00a0\u201cO &#8230; atual presidente da Petrobr\u00e1s, fez exposi\u00e7\u00e3o e participou de debate na C\u00e2mara dos Deputados &#8230; . Nesse artigo s\u00e3o analisados\u00a0 os argumentos apresentados. <em>Custos da produ\u00e7\u00e3o e pre\u00e7os dos combust\u00edveis<\/em> \u2013 \u2018 &#8230;<em> a parte que corresponde \u00e0 Petrobr\u00e1s, que \u00e9 da ordem de 2 reais &#8230;.\u2019 &#8230; <\/em>trata-se de informa\u00e7\u00e3o incompleta &#8230; . Apesar da Petrobr\u00e1s ser superavit\u00e1ria na produ\u00e7\u00e3o do petr\u00f3leo em rela\u00e7\u00e3o \u00e0 demanda nacional e de ter capacidade para processar cargas com mais de 95% de petr\u00f3leo nacional em suas refinarias, desde 2016 as dire\u00e7\u00f5es da Petrobr\u00e1s decidiram inovar e adotar o Pre\u00e7o Parit\u00e1rio de Importa\u00e7\u00e3o (PPI). Estabelecem pre\u00e7os como se os combust\u00edveis tivessem sido importados, a despeito de terem sido produzidos a partir de petr\u00f3leos nacionais e refinados no Brasil. Com pre\u00e7os altos em rela\u00e7\u00e3o aos custos de importa\u00e7\u00e3o, os combust\u00edveis da Petrobr\u00e1s perdem competitividade e at\u00e9 30% do mercado brasileiro \u00e9 transferido para os importadores. A ociosidade das refinarias aumenta tamb\u00e9m em at\u00e9 30%, \u00a0&#8230; <em>Pre\u00e7os dos combust\u00edveis, lucros e investimentos<\/em> \u00a0&#8211; \u2018A respeito de pre\u00e7o de combust\u00edvel, a Petrobr\u00e1s responde pela parte da sua produ\u00e7\u00e3o. Aqui cabe um detalhamento: ela precisa investir. Ent\u00e3o, ela tem que ter algum m\u00ednimo de lucro &#8230; \u2019 \u00a0Evidente que \u00e9 necess\u00e1rio gerar caixa &#8230;\u00a0 Mas a pol\u00edtica de &#8230; (PPI), tem realmente aumentado a gera\u00e7\u00e3o de caixa, ou \u00e9 respons\u00e1vel pela redu\u00e7\u00e3o do mercado da Petrobr\u00e1s e, nesse aspecto, prejudica ou n\u00e3o contribui para a eleva\u00e7\u00e3o da gera\u00e7\u00e3o de caixa? Se por um lado, a Petrobr\u00e1s ganha mais por litro vendido, por outro, vende menos litros dos derivados e deixa suas refinarias ociosas. <em>Gest\u00e3o de portif\u00f3lio e \u2018petr\u00f3leo com tempo de utiliza\u00e7\u00e3o\u2019<\/em> \u2013 \u2018&#8230; A reserva petr\u00f3leo tem um tempo de utiliza\u00e7\u00e3o. Ent\u00e3o, temos pressa no pr\u00e9-sal, temos foco nisso. Por isso, tivemos que &#8230; investir mais naquilo que tem de melhor e desinvestir em algumas refinarias, como ocorreu em oito delas. H\u00e1 a previs\u00e3o de que elas sendo entregues nas m\u00e3os de terceiros estes possam fazer mais e gerar competitividade e menor pre\u00e7o para a sociedade\u2019 &#8230; A matriz energ\u00e9tica mundial depende dos f\u00f3sseis que representam 85% do total. &#8230; A participa\u00e7\u00e3o das energias de origem f\u00f3ssil na demanda de energia mundial se manteve est\u00e1vel nos \u00faltimos 25 anos. \u00c9 improv\u00e1vel que percam import\u00e2ncia relativa nas pr\u00f3ximas d\u00e9cadas &#8230; Com rela\u00e7\u00e3o aos investimentos e a pretensa necessidade de privatizar refinarias para realiz\u00e1-los &#8230; Os investimentos &#8230;de Explora\u00e7\u00e3o e Produ\u00e7\u00e3o (E&amp;P) da Petrobr\u00e1s, entre 2007 e 2020, foram de US$ 280 bilh\u00f5es, m\u00e9dia anual de US$ 20 bilh\u00f5es (em valores atualizados). A refinaria RLAM (Bahia) foi vendida por US$ 1,65 bilh\u00e3o &#8230; e a &#8230; REMAN (Manaus) foi privatizada por US$ 189,5 milh\u00f5es. A privatiza\u00e7\u00e3o das duas &#8230; representa apenas 0,66% dos investimentos em E&amp;P para descobrir e desenvolver as reservas de petr\u00f3leo, desde a descoberta do pr\u00e9-sal. A tentativa de justificar a privatiza\u00e7\u00e3o das refinarias para acelerar a produ\u00e7\u00e3o do petr\u00f3leo do pr\u00e9-sal n\u00e3o se sustenta &#8230; <em>\u00a0Juros da d\u00edvida<\/em> \u2018Foi feita a pergunta sobre qual era a d\u00edvida que a Petrobr\u00e1s tinha. Ela j\u00e1 trabalhou 6 meses para pagar d\u00edvida. J\u00e1 valeu valor muito pequeno em rela\u00e7\u00e3o a sua d\u00edvida, de quase 160 bilh\u00f5es. Hoje, a empresa est\u00e1 saneada, est\u00e1 indo para seu patamar ..Em vez de produzir recursos, trabalhar 6 meses por ano para pagar juros de d\u00edvida, ela trabalha para entregar esse recurso ao seu acionista majorit\u00e1rio, que \u00e9 o Governo Federal \u2018\u00a0 Os resultados hist\u00f3ricos da Petrobr\u00e1s demonstram que entre 2012 e 2020 n\u00e3o foi necess\u00e1rio trabalhar 6 meses para pagar os juros anuais da d\u00edvida &#8230;\u00a0 O per\u00edodo de gera\u00e7\u00e3o de caixa necess\u00e1rio para o pagamento dos juros anuais variou de 1,33 e 3,48 meses. &#8230;\u00a0 . O sr. Silva e Luna partiu de uma premissa falsa, de que a Petrobr\u00e1s tenha trabalhado 6 meses para pagar os juros da d\u00edvida anual, para ent\u00e3o apontar uma falsa rela\u00e7\u00e3o de causa e efeito entre eleva\u00e7\u00e3o de pagamento de juros e redu\u00e7\u00e3o da gera\u00e7\u00e3o de recursos para o governo.\u00a0 &#8230; . <em>Avers\u00e3o aos investimentos?<\/em> \u2018&#8230; a Petrobr\u00e1s investir\u00e1 no Brasil cerca de 300 milh\u00f5es de d\u00f3lares nos pr\u00f3ximos anos. N\u00e3o temos nenhuma avers\u00e3o a novos investimentos, vamos investir cada vez mais\u2019 &#8230; Entre 1965 e 2020, o investimento anual m\u00e9dio da Petrobr\u00e1s foi de US$ 20,13 bilh\u00f5es. Entre 2009 e 2014, foram US$ 49,80 bilh\u00f5es por ano. &#8230;\u00a0 O que s\u00e3o US$ 300 milh\u00f5es nos pr\u00f3ximos anos, em compara\u00e7\u00e3o com o hist\u00f3rico de investimentos da Petrobr\u00e1s? Neste caso, se n\u00e3o tem avers\u00e3o a investimentos e planeja investir t\u00e3o pouco, pode ser porque desconhece o hist\u00f3rico, a capacidade de investimentos da Petrobras e de sua import\u00e2ncia para o desenvolvimento do Brasil.\u201d<\/p><p><em>https:\/\/www.brasil247.com\/blog\/cinco-falacias-do-sr-silva-e-luna-atual-presidente-da-petrobras-na-camara-dos-deputados\u00a0<\/em><\/p><pre><em>A extens\u00e3o do artigo for\u00e7ou corte substancial de seu texto. N\u00e3o obstante meus esfor\u00e7os em manter a parte mais substantiva do teor, sugiro aos mais interessados que leiam o texto completo. Afinal, a pol\u00edtica de petr\u00f3leo \u00e9 vital \u00a0ao Desenvolvimento Nacional e o Dr.\u00a0 Felipe Coutinho. atual vice-presidente da Associa\u00e7\u00e3o dos Engenheiros da Petrobr\u00e1s (Aepet) \u00e9 pessoa das mais categorizadas para a avaliar o assunto, sem oficialismo ....<\/em><\/pre>\t\t\t\t\t\t\t\t<\/div>\n\t\t\t\t<\/div>\n\t\t\t\t\t<\/div>\n\t\t<\/div>\n\t\t\t\t\t<\/div>\n\t\t<\/section>\n\t\t\t\t<\/div>\n\t\t","protected":false},"excerpt":{"rendered":"<p>Prezados leitores\/amigos, Tomo emprestada a jocosa denomina\u00e7\u00e3o de Apporelly (o auto-denominado Bar\u00e3o de Itarar\u00e9) sobre a batalha que acabou n\u00e3o ocorrendo&#8230; Tivemos agora epis\u00f3dio que lembra o conhecido humorista. Mas a gra\u00e7a para aqui, De fato, n\u00e3o houve, mas havia muita determina\u00e7\u00e3o para que o golpe ocorresse de fato, mesmo podendo incluir \u00a0derramamento de sangue. &hellip; <a href=\"http:\/\/desmontedoestado.com\/?p=461\" class=\"more-link\">Continue lendo<span class=\"screen-reader-text\"> &#8220;n\u00ba 68 &#8220;O golpe de Itarar\u00e9 &#8230;&#8221;&#8221;<\/span><\/a><\/p>\n","protected":false},"author":2,"featured_media":0,"comment_status":"open","ping_status":"open","sticky":false,"template":"","format":"standard","meta":{"footnotes":""},"categories":[1],"tags":[],"class_list":["post-461","post","type-post","status-publish","format-standard","hentry","category-uncategorized"],"_links":{"self":[{"href":"http:\/\/desmontedoestado.com\/index.php?rest_route=\/wp\/v2\/posts\/461","targetHints":{"allow":["GET"]}}],"collection":[{"href":"http:\/\/desmontedoestado.com\/index.php?rest_route=\/wp\/v2\/posts"}],"about":[{"href":"http:\/\/desmontedoestado.com\/index.php?rest_route=\/wp\/v2\/types\/post"}],"author":[{"embeddable":true,"href":"http:\/\/desmontedoestado.com\/index.php?rest_route=\/wp\/v2\/users\/2"}],"replies":[{"embeddable":true,"href":"http:\/\/desmontedoestado.com\/index.php?rest_route=%2Fwp%2Fv2%2Fcomments&post=461"}],"version-history":[{"count":16,"href":"http:\/\/desmontedoestado.com\/index.php?rest_route=\/wp\/v2\/posts\/461\/revisions"}],"predecessor-version":[{"id":485,"href":"http:\/\/desmontedoestado.com\/index.php?rest_route=\/wp\/v2\/posts\/461\/revisions\/485"}],"wp:attachment":[{"href":"http:\/\/desmontedoestado.com\/index.php?rest_route=%2Fwp%2Fv2%2Fmedia&parent=461"}],"wp:term":[{"taxonomy":"category","embeddable":true,"href":"http:\/\/desmontedoestado.com\/index.php?rest_route=%2Fwp%2Fv2%2Fcategories&post=461"},{"taxonomy":"post_tag","embeddable":true,"href":"http:\/\/desmontedoestado.com\/index.php?rest_route=%2Fwp%2Fv2%2Ftags&post=461"}],"curies":[{"name":"wp","href":"https:\/\/api.w.org\/{rel}","templated":true}]}}