{"id":523,"date":"2022-01-04T12:38:15","date_gmt":"2022-01-04T15:38:15","guid":{"rendered":"http:\/\/desmontedoestado.com\/?p=523"},"modified":"2022-01-04T14:20:33","modified_gmt":"2022-01-04T17:20:33","slug":"no-71","status":"publish","type":"post","link":"http:\/\/desmontedoestado.com\/?p=523","title":{"rendered":"n\u00ba 71"},"content":{"rendered":"\t\t<div data-elementor-type=\"wp-post\" data-elementor-id=\"523\" class=\"elementor elementor-523\">\n\t\t\t\t\t\t<section class=\"elementor-section elementor-top-section elementor-element elementor-element-d941af2 elementor-section-boxed elementor-section-height-default elementor-section-height-default\" data-id=\"d941af2\" data-element_type=\"section\" data-e-type=\"section\">\n\t\t\t\t\t\t<div class=\"elementor-container elementor-column-gap-default\">\n\t\t\t\t\t<div class=\"elementor-column elementor-col-100 elementor-top-column elementor-element elementor-element-6a14181\" data-id=\"6a14181\" data-element_type=\"column\" data-e-type=\"column\">\n\t\t\t<div class=\"elementor-widget-wrap elementor-element-populated\">\n\t\t\t\t\t\t<div class=\"elementor-element elementor-element-bb31f8f elementor-widget elementor-widget-text-editor\" data-id=\"bb31f8f\" data-element_type=\"widget\" data-e-type=\"widget\" data-widget_type=\"text-editor.default\">\n\t\t\t\t<div class=\"elementor-widget-container\">\n\t\t\t\t\t\t\t\t\t<p style=\"font-weight: 400;\">Prezados leitores\/amigos,<\/p><p style=\"font-weight: 400;\">Este \u00faltimo Desmonte do ano apresenta o mesmo formato dos anteriores, com as \u201cp\u00edlulas\u201d iniciais permitindo ao leitor, em poucos minutos, relembrar as not\u00edcias mais importantes reveladoras do processo de\u00a0ataque \u00e0s institui\u00e7\u00f5es do Estado, quando n\u00e3o arranhando a nossa pr\u00f3pria soberania, divulgadas no m\u00eas em curso.<\/p><p style=\"font-weight: 400;\">Em algumas poucas transcri\u00e7\u00f5es selecionadas, algo mais extensas, abordam-se, a seguir, \u00a0assuntos julgados merecedores de desdobramento, pela sua import\u00e2ncia. Nesta colet\u00e2nea, inclui-se entrevista concedida pelo ex-ministro Renato Janine, que tem como mote a recupera\u00e7\u00e3o dos la\u00e7os sociais por parte do presidente que vier a ser eleito em outubro vindouro, assunto\u00a0 que, pessoalmente, me preocupa. \u00c9 muito dif\u00edcil, num pa\u00eds minimamente civilizado, o conv\u00edvio pol\u00edtico sem um m\u00ednimo de respeito.\u00a0\u00a0Segue-se a apresenta\u00e7\u00e3o dos resultados mais relevantes\u00a0 do Programa Nacional de Controle de Res\u00edduos e Contaminantes em alimentos (PNCRC) divulgados dia 17 de novembro p.p.. Em resumo, verifica-se que uma boa quantidade de alimentos consumidos normalmente por n\u00f3s todos, brasileiros, est\u00e1 contaminada por metais pesados, micotoxinas,\u00a0 salmonella, e res\u00edduos de agrot\u00f3xicos. Tais alimentos incluem frutas, vegetais, gr\u00e3os, temperos\u00a0 em uma ampla gama de alimentos consumidos diariamente. \u00c9 grande amea\u00e7a \u00e0 nossa sa\u00fade!<\/p><p style=\"font-weight: 400;\">O \u00faltimo artigo mais expandido refere-se a um\u00a0 relat\u00f3rio (<em><a href=\"https:\/\/www.ege.fr\/sites\/ege.fr\/files\/media_files\/rapport_alerte_usa_2021.pdf\" data-saferedirecturl=\"https:\/\/www.google.com\/url?q=https:\/\/www.ege.fr\/sites\/ege.fr\/files\/media_files\/rapport_alerte_usa_2021.pdf&amp;source=gmail&amp;ust=1641395387455000&amp;usg=AOvVaw0AtSqBLc7b-G20j9Nrf7C9\">Comment les Etats-Unis contribuent-ils \u00e0 affaiblir l&#8217;\u00e9conomie fran\u00e7aise?<\/a><u>)<\/u><\/em>,\u00a0publicado, h\u00e1 dois meses, pela\u00a0\u00a0<em>\u00c9<\/em><em>cole de Guerre Economique<\/em>, renomada institui\u00e7\u00e3o francesa, respons\u00e1vel pelo premiado programa\u00a0<em>\u00a0Strategie et Inteligence Economique.\u00a0<\/em>Conforme os autores esclarecem, embora a analise se refira ao caso franc\u00eas, tem aplica\u00e7\u00e3o mundial, de onde deriva o destaque aqui atribu\u00eddo \u00e0 mat\u00e9ria, De fato, ao leitor consciente do atual descalabro porque passa o Pa\u00eds, verdadeiro\u00a0<strong>desmonte<\/strong>, as similitudes saltam aos olhos. De fato, se nos reportarmos aos resultados da \u201cfamosa\u201d\u00a0 Lava Jato\u00a0\u2013\u00a0onde o dedo de Washington j\u00e1 ficou\u00a0 bem evidenciado \u2013,\u00a0 verificamos, com base em dados oficiais fornecidos pelo Dieese, o verdadeiro\u00a0 custo\u00a0 da opera\u00e7\u00e3o: a virtual destrui\u00e7\u00e3o de nossa ind\u00fastria de constru\u00e7\u00e3o pesada, que amea\u00e7ava os interesses das empreiteiras americanas pelo mundo; 4,4 milh\u00f5es de empregos formais perdidos; perda de 3,6% do PIB nacional;\u00a0 perda de R$ 172 bilh\u00f5es em investimentos; queda de arrecada\u00e7\u00e3o de quase 70 bilh\u00f5es de reais (que obscurecem quase por completo os p\u00edfios 4,3. recuperados &#8230;); redu\u00e7\u00e3o da massa salarial de 85,8 bilh\u00f5es. No campo pol\u00edtico, se adicionarmos a a\u00e7\u00e3o de Bolsonaro \u2013 flagelo que se sucedeu \u2013 h\u00e1 que considerar-se\u00a0 o criminoso combate ao Covid, que nos levou a quase aos 620 mil mortos; no campo econ\u00f4mico, \u00e0 situa\u00e7\u00e3o de atual recess\u00e3o e alta infla\u00e7\u00e3o; no campo internacional, \u00e0\u00a0 completa perda de prest\u00edgio (hoje somos um pa\u00eds \u201cp\u00e1ria\u201d, conforme apregoado com orgulho (!) no Itamaraty pelo\u00a0 ex-chanceler Ernesto Ara\u00fajo); uma pol\u00edtica externa atrelada aos interesses americanos; a integra\u00e7\u00e3o sul-americana em frangalhos etc, etc\u00a0 &#8230;<\/p><p style=\"font-weight: 400;\">Ainda bem que falta agora apenas o tempo de uma gera\u00e7\u00e3o (nove meses) pol\u00edtica para, pelo caminho democr\u00e1tico, voltarmos aos eixos. A elei\u00e7\u00e3o talvez se revele, fruto de v\u00e1rias influ\u00eancias, mormente externas, mais dif\u00edcil do que ora indicam as pesquisas. Mas, ao final, voltaremos a ver e ter\u00a0 o nosso Pa\u00eds &#8230;<\/p><p style=\"font-weight: 400;\"><strong>O\u00a0<\/strong>encaminhamento desta colet\u00e2nea \u00e9 antecipado, pois estarei ausente do Rio nos dias que se seguem, em local sem acesso assegurado \u00e0 Internet. Mas a antecipa\u00e7\u00e3o me d\u00e1 oportunidade de, em tempo h\u00e1bil, apresentar a todos os leitores destes Desmontes meus mais cordiais votos de um santo Natal E de transmitir-lhes a minha virtual certeza de que, no Ano Novo, ou\u00a0 melhor, a partir de outubro de 2022, teremos, todos, oportunidade de considerar que tivemos realmente um novo ano feliz &#8230;\u00a0<\/p><p style=\"font-weight: 400;\">Conto estarmos juntos em 2022. Que Deus guarde\u00a0 e proteja\u00a0 a todos n\u00f3s!<\/p><p style=\"font-weight: 400;\">Abra\u00e7os do Luiz Philippe da Costa Fernandes<\/p><p style=\"font-weight: 400;\">\u00a0<\/p>\t\t\t\t\t\t\t\t<\/div>\n\t\t\t\t<\/div>\n\t\t\t\t\t<\/div>\n\t\t<\/div>\n\t\t\t\t\t<\/div>\n\t\t<\/section>\n\t\t\t\t<section class=\"elementor-section elementor-top-section elementor-element elementor-element-dde20d0 elementor-section-boxed elementor-section-height-default elementor-section-height-default\" data-id=\"dde20d0\" data-element_type=\"section\" data-e-type=\"section\">\n\t\t\t\t\t\t<div class=\"elementor-container elementor-column-gap-default\">\n\t\t\t\t\t<div class=\"elementor-column elementor-col-100 elementor-top-column elementor-element elementor-element-5c33dd1\" data-id=\"5c33dd1\" data-element_type=\"column\" data-e-type=\"column\">\n\t\t\t<div class=\"elementor-widget-wrap elementor-element-populated\">\n\t\t\t\t\t\t<div class=\"elementor-element elementor-element-d6e9930 elementor-widget elementor-widget-text-editor\" data-id=\"d6e9930\" data-element_type=\"widget\" data-e-type=\"widget\" data-widget_type=\"text-editor.default\">\n\t\t\t\t<div class=\"elementor-widget-container\">\n\t\t\t\t\t\t\t\t\t<p><strong><u>ARTIGOS SELECIONADOS PARA O DESMONTE N\u00ba\u00a0 71<\/u><\/strong><\/p><h3>1 <strong>\u2013 <\/strong>\u201c<strong>Pilulas de um governo pat\u00e9tico!<\/strong><strong>\u201d \u2013 [t\u00edtulo meu] \u2013 \u00a0\u00a0datas diversas<\/strong>.<\/h3><p>&#8211; \u201c<strong>Estudo mostra processo sistem\u00e1tico e assustador de persegui\u00e7\u00e3o do governo Bolsonaro aos funcion\u00e1rios p\u00fablicos\u201d <\/strong><strong>\u2013 28 NOV<\/strong>.<br \/>\u00a0 \u201cH\u00e1 quatro formas principais de persegui\u00e7\u00e3o: opress\u00e3o f\u00edsica, administrativa ou moral e o silenciamento<strong>, <\/strong>Os m\u00e9todos de persegui\u00e7\u00e3o bolsonarista usados contra servidores p\u00fablicos que discordam dele foram esmiu\u00e7ados em um estudo feito por duas pesquisadoras da FGV. &#8230; [que] &#8230; entrevistaram mais de 100 servidores p\u00fablicos para conseguir montar o diagn\u00f3stico. &#8230;. A pesquisa tamb\u00e9m lista a proibi\u00e7\u00e3o de participa\u00e7\u00f5es em reuni\u00f5es ou eventos e a persegui\u00e7\u00e3o ideol\u00f3gica devido a ideias apresentadas em reuni\u00f5es de trabalho.\u201d<\/p><p>&#8211; \u201c<strong>Mesquita \u00e9 invadida no Paran\u00e1 e s\u00edmbolos do isl\u00e3 s\u00e3o queimados \u2013 02 DEZ<\/strong> <br \/>\u201cCriminosos entraram no local, vandalizaram s\u00edmbolos sagrados da religi\u00e3o mu\u00e7ulmana e chegaram a queimar o Alcor\u00e3o\u201d.<\/p><p>\u00a0<em>Esta not\u00edcia deve ser considerada ao lado de outra, de mesma data, igualmente reveladora de \u00a0preconceito religioso<\/em>:<\/p><p><strong>&#8211; \u201cTerreiros de umbanda s\u00e3o alvos de ataques no interior de SP\u201d <\/strong>\u2013 <br \/>\u201cNos \u00faltimos 90 dias, ao menos tr\u00eas terreiros de umbanda de Sumar\u00e9, a 120 km de S\u00e3o Paulo, foram alvos de intoler\u00e2ncia religiosa\u201d.<\/p><pre><em>Novo desdobramento de <\/em><em>intoler\u00e2nci<\/em><em>a bolsonarista<\/em>?<\/pre><p><strong>&#8211; \u201cAo menos 20 delegados foram trocados de cargo na PF no governo Bolsonaro \u2013 03 DEZ.<\/strong><br \/>\u201cO governo Bolsonaro j\u00e1 acumula ao menos 20 mudan\u00e7as de cargo na Pol\u00edcia Federal &#8211; todos em posi\u00e7\u00e3o de chefia &#8211; por diverg\u00eancias pol\u00edticas. A \u00faltima troca foi a da delegada Dominique de Castro Oliveira do escrit\u00f3rio da Interpol. \u00a0Segundo reportagem do\u00a0<a href=\"https:\/\/politica.estadao.com.br\/noticias\/geral,governo-bolsonaro-ja-trocou-ao-menos-20-delegados-de-cargos-de-chefia-na-pf,70003915575\">jornal<\/a>\u00a0O Estado de S. Paulo, outro motivo para o troca-troca na PF s\u00e3o investiga\u00e7\u00f5es que desagradam o Planalto e os interesses do cl\u00e3.\u201d<\/p><p><em>\u00a0<\/em>&#8211; <strong>\u201cBolsonaro lamenta: &#8220;como \u00e9 duro ser patr\u00e3o no Brasil&#8221;\u2013 \u00a007 DEZ.<\/strong> <br \/>\u201cChefe do Executivo j\u00e1 havia feito declara\u00e7\u00e3o semelhante em 2018, quando afirmou que \u2018ser patr\u00e3o no Brasil \u00e9 um tormento\u2019\u201d<\/p><pre><em>Vejam como sou ignorante em quest\u00f5es trabalhistas: at\u00e9 a informa\u00e7\u00e3o do Bolsonaro acreditava que o \u201cduro\u201d seria\u00a0 os13 milh\u00f5es de desempregados passarem fome ...<\/em><\/pre><p>&#8211; <strong>\u201c<\/strong><strong>Equipamentos antisseca pagos com dinheiro p\u00fablico ficam sem uso, estocados em dep\u00f3sitos do governo\u201d \u2013 08 DEZ<\/strong> <br \/>\u201cO governo de Jair Bolsonaro mant\u00e9m em estoque dezenas de cisternas, caixas-d\u2019\u00e1gua, tratores, implementos agr\u00edcolas e tubos de irriga\u00e7\u00e3o comprados com recursos de emendas parlamentares. Essas emendas est\u00e3o no olho do furac\u00e3o do toma l\u00e1 d\u00e1 c\u00e1 entre o governo e o Congresso Nacional, dominado ,,,pelo presidente da C\u00e2mara, Arthur Lira.\u00a0&#8230;\u00a0 v\u00e1rios equipamentos s\u00e3o mantidos amontoados em dep\u00f3sitos \u00a0&#8230; e j\u00e1 d\u00e3o sinais de desgaste com o tempo. Alguns desses equipamentos est\u00e3o l\u00e1 h\u00e1 mais de um ano.\u201d<\/p><p>&#8211; <strong>\u201cSTF declara a incompet\u00eancia da vara de Bretas para julgar sete casos da \u2018Lava Jato\u2019&#8221;<\/strong><strong>\u2013 08 DEZ<\/strong><\/p><p>\u201c &#8230; decis\u00e3o foi tomada pela 2\u00aa Turma do Supremo Tribunal Federal.\u201d<\/p><pre><em>\u00c9 mais um juizeco, \u00eamulo das m\u00e1s pr\u00e1ticas de Moro, que \u00e9 desmoralizado ...<\/em><\/pre><p>&#8211; \u201c<strong>Conversas in\u00e9ditas mostram que Dallagnol sabia que \u2018Funda\u00e7\u00e3o Lava Jato\u2019 era suspeita\u201d \u2013 10 DEZ<\/strong>. \u201cReportagem &#8230; \u00a0revela os esquemas esp\u00farios da Lava Jato e do ex-juiz parcial Sergio Moro com os EUA para roubar o dinheiro do Brasil. Um di\u00e1logo in\u00e9dito obtido junto aos arquivos da Spoofing, opera\u00e7\u00e3o da Pol\u00edcia Federal, &#8230; revela que o procurador-chefe da Lava Jato, Deltan Dallagnol, tinha consci\u00eancia de que o acordo que ele havia assinado com autoridades americanas era suspeito, e que trazia, segundo suas pr\u00f3prias palavras, \u2018coisas meio inexplic\u00e1veis\u2019<em>. <\/em><\/p><pre><em>Este cidad\u00e3o <\/em>\u2013 o <em>\u201cprocurador-pol\u00edtico\u201d (ou ser\u00e1 mais correto \u201cpol\u00edtico-procurador\u201d?) Dallagnol<\/em>, <em>recentemente rasgou a m\u00e1scara e candidatou-se a um cargo eletivo, na busca pela ansiada imunidade parlamentar ...<\/em><\/pre><p><strong>&#8211; \u201cBolsonaro volta a atacar STF e advers\u00e1rios pol\u00edticos\u201d \u2013 11\u00a0 DEZ.<\/strong><\/p><p>\u201cJair Bolsonaro volta a atacar as institui\u00e7\u00f5es, principalmente a Suprema Corte do pa\u00eds e advers\u00e1rios pol\u00edticos. O ocupante do Pal\u00e1cio do Planalto mostrou irrita\u00e7\u00e3o durante as discuss\u00f5es sobre o passaporte da vacina\u00e7\u00e3o, reclamou da Anvisa (Ag\u00eancia Nacional de Vigil\u00e2ncia Sanit\u00e1ria) com termos chulos e voltou a desferir cr\u00edticas p\u00fablicas contra o STF (Supremo Tribunal Federal).<\/p><pre><em>Tenho muito \u00a0receio de que, com a confirma\u00e7\u00e3o irremedi\u00e1vel de sua derrota eleitoral, mais adiante., as coisas piorem muito. Teremos nova tentativa de golpe \u00e0 la \u00a0\u201c7 de setembro\u201d?<\/em><\/pre><p><strong>&#8211; \u201cBarroso diz que institui\u00e7\u00f5es de Estado foram aparelhadas por governos \u2013 11\u00a0 DEZ<\/strong>. <br \/>\u201cO ministro Lu\u00eds Roberto Barroso, do &#8230;STF, afirmou nesta sexta-feira (10) que institui\u00e7\u00f5es brasileiras de Estado \u2018foram aparelhadas como de governo\u2019&#8230; Barroso direciona severas cr\u00edticas ao governo de Jair Bolsonaro, sem cit\u00e1-lo: \u2018Vivemos alguns momentos de preocupa\u00e7\u00e3o ao longo dos dois anos, com ataques \u00e0s institui\u00e7\u00f5es, que reagiram, mas n\u00e3o acho que tenham escapado sem escoria\u00e7\u00f5es\u2019, afirmou.\u201d<\/p><p>&#8211; \u201c<strong>Bolsonaro j\u00e1 vendeu 56% dos ativos da Petrobr\u00e1s\u201d<\/strong> <strong>\u2013 14\u00a0 DEZ<\/strong><strong>.<\/strong> \u00a0<br \/>\u201cDesde mar\u00e7o de 2015, quando teve in\u00edcio o plano de desinvestimento da Petrobr\u00e1s, at\u00e9 7 de dezembro deste ano, j\u00e1 foram vendidos 64 ativos e participa\u00e7\u00f5es acion\u00e1rias da estatal, somando R$ 243,7 bilh\u00f5es. Mais da metade das privatiza\u00e7\u00f5es aconteceu no governo de Jair Bolsonaro, com a negocia\u00e7\u00e3o de R$ 138,2 bilh\u00f5es, o equivalente a 56,7% do valor total. O primeiro ano do atual mandato, em 2019, registrou o maior valor de vendas anual de todo per\u00edodo, contabilizando R$ 74,7 bilh\u00f5es, o que representa 30,6% do acumulado.\u201d<\/p><p>&#8211; \u201c<strong>Ministros do TSE decidiram dar cargo para general para evitar golpe em 2022\u201d \u2013 15\u00a0 DEZ.<br \/><\/strong>\u00a0Segundo artigo de Carlina Br\u00edgido (UOL): \u201cPaira no tribunal [TSE] o temor de tentativa de ruptura institucional caso o presidente Jair Bolsonaro saia derrotado das urnas. Como no Brasil a realidade pol\u00edtica n\u00e3o obedece \u00e0 l\u00f3gica cartesiana, a vacina contra o golpe foi chamar um general &#8230;o\u00a0 general Fernando Azevedo, ex-ministro da Defesa de Bolsonaro, ocuparia o cargo de diretor-geral da Corte em 2022.\u201d<em>\u00a0 \u00a0 \u00a0 \u00a0 \u00a0 \u00a0 \u00a0 \u00a0 \u00a0 \u00a0 \u00a0 \u00a0 \u00a0 \u00a0 \u00a0 \u00a0 \u00a0 \u00a0 \u00a0 \u00a0 \u00a0 \u00a0\u00a0<\/em><\/p><pre><em>A preocupa\u00e7\u00e3o tem um lado positivo, a saber, a ado\u00e7\u00e3o de\u00a0 provid\u00eancia concreta \u2013 o convite ao general \u2013 como contraposi\u00e7\u00e3o a uma\u00a0 (nova) \u00a0possibilidade de atentado de \u00a0Bolsonaro contra a ordem constitucional. Mas lamenta-se que para tal tenha que ser convocado um general. Isto deixa \u00e0 vista a fragilidade de nossa Democracia!<\/em><\/pre><p><em>&#8211; \u201c<\/em><strong>Capit\u00e3o n\u00e3o sabe que o respons\u00e1vel pala Anvisa \u00e9 o Almirante<\/strong><strong>\u201d \u2013 18\u00a0 DEZ. <br \/><\/strong>\u201cA Ag\u00eancia Nacional de Vigil\u00e2ncia Sanit\u00e1ria (Anvisa) aprovou o uso da vacina da Pfizer contra a covid-19 em crian\u00e7as de 5 a 11 anos de idade. Foi o que bastou para que o presidente Jair Bolsonaro, inimigo declarado da vacina\u00e7\u00e3o &#8230; partisse para a intimida\u00e7\u00e3o expl\u00edcita dos respons\u00e1veis pela decis\u00e3o da Anvisa.\u00a0Em transmiss\u00e3o pela internet, Bolsonaro &#8230; exigiu saber os nomes de quem participou do processo para, ent\u00e3o, \u2018divulgar os nomes dessas pessoas para que todo mundo tome conhecimento quem s\u00e3o essas pessoas e obviamente forme o seu ju\u00edzo\u2019. N\u00e3o \u00e9 preciso ser especialista em bolsonarismo para deduzir que o objetivo de Bolsonaro, &#8230; \u00e9 ati\u00e7ar os c\u00e3es das redes sociais a destruir a reputa\u00e7\u00e3o profissional e arruinar a vida privada dos funcion\u00e1rios da Anvisa. &#8230; Felizmente, a Anvisa n\u00e3o se deixou intimidar. &#8230; funcion\u00e1rios da Anvisa v\u00eam sofrendo amea\u00e7as de morte \u2018por parte de agentes antivacina\u2019 e &#8230; se tornaram \u2018alvo de ativismo pol\u00edtico violento\u2019 \u2013 estimulado, como todos sabem, pelo presidente da Rep\u00fablica em pessoa. \u00c9 grav\u00edssimo.\u201d<\/p><p>&#8211; <strong>\u201cA<\/strong><strong>NP pede ao CADE reprova\u00e7\u00e3o da venda da Gaspetro\u201d <\/strong><strong>\u2013 21\u00a0 DEZ.<br \/><\/strong> \u201cA Ag\u00eancia Nacional do Petr\u00f3leo (ANP) sugeriu ao Conselho Administrativo de Defesa Econ\u00f4mica (CADE) que reprove a venda dos 51% da Petrobr\u00e1s na Gaspetro para a Compass. Na avalia\u00e7\u00e3o da ANP, a opera\u00e7\u00e3o n\u00e3o vai ao encontro dos objetivos do Termo de Cess\u00e3o de Conduta (TCC) firmado &#8230; uma vez que a Compass &#8230; \u2018n\u00e3o demonstrou sua independ\u00eancia com rela\u00e7\u00e3o aos agentes que comp\u00f5em os demais elos da cadeia de g\u00e1s natural\u201d. &#8230; No documento, a ANP afirma que uma \u2018eventual aquisi\u00e7\u00e3o da Gaspetro pela Compass tem como um dos principais efeitos negativos, sob a \u00f3tica concorrencial, a eleva\u00e7\u00e3o da concentra\u00e7\u00e3o do poder de monops\u00f4nio exercido pelas companhias de distribui\u00e7\u00e3o de g\u00e1s canalizado no mercado atacadista de g\u00e1s natural no Brasil\u2019\u201d.<\/p><h3><strong>2 &#8211; &#8220;Recuperar os la\u00e7os sociais \u00e9 o principal desafio do pr\u00f3ximo presidente\u201d <\/strong><strong>\u2013<\/strong><strong> Entrevista concedida pelo ex-ministro da Educa\u00e7\u00e3o Renato Janine \u00a0<\/strong><strong><em>\u2013 Carta Capital<\/em><\/strong><strong>\u00a0 \u2013 0<\/strong><strong>4 DEZ<\/strong><strong>.<\/strong>\u00a0<\/h3><p>\u201c<strong>CC: O \u00f3dio elegeu Bolsonaro? RJ: S<\/strong>im. O primeiro ponto \u00e9 que tiraram uma presidente da Rep\u00fablica com acusa\u00e7\u00f5es falsas e, a partir da\u00ed, se pode tirar qualquer um com qualquer crit\u00e9rio. Ficar no poder n\u00e3o \u00e9 mais prova de honestidade, como se viu com Temer e se v\u00ea com Bolsonaro. Da\u00ed vem uma esp\u00e9cie de atmosfera: se n\u00e3o existe Constitui\u00e7\u00e3o e legalidade, e o STF n\u00e3o cumpre o seu papel, tudo \u00e9 permitido e cada um faz o que quer&#8230; <br \/><strong>CC: O senhor acredita que uma derrota do Bolsonaro arrefece o \u00f3dio? RJ<\/strong>: H\u00e1 20% da popula\u00e7\u00e3o que n\u00e3o s\u00f3 vota no Bolsonaro como afirma que n\u00e3o houve aumento de pre\u00e7o no supermercado. Votar no Bolsonaro \u00e9 uma op\u00e7\u00e3o, mas negar um fato verdadeiro indica que h\u00e1 pessoas que v\u00e3o longe na nega\u00e7\u00e3o da realidade.\u00a0&#8230; Se a gente tiver a elei\u00e7\u00e3o de um candidato democr\u00e1tico,&#8230; que reconstrua a m\u00e1quina de estado e desenvolva pol\u00edticas de inclus\u00e3o social, parte do \u00f3dio vai sumir porque \u00e9 abastecido por essa falta de futuro. <br \/><strong>CC: Qual o maior desafio? RJ<\/strong>: &#8230; Entre nossas tarefas para o futuro est\u00e1 a de <strong>recuperar os nossos la\u00e7os sociais e isso n\u00e3o ser\u00e1 f\u00e1cil<\/strong>. Temos um estado que foi desmontando, uma economia em frangalhos, pol\u00edticas sociais revertidas e um \u00f3dio muito forte por parte da extrema-direita e tamb\u00e9m da esquerda. <br \/><strong>CC: O Lula \u00e9 um bom nome mesmo com o antipetismo ainda enraizado? RJ<\/strong>: O l\u00edder \u00e9 capaz de motivar e mobilizar. Ele se cerca de gente mais capaz do que ele. O Lula foi brilhante nisso. Eu penso que n\u00f3s vamos precisar de algu\u00e9m que tenha a capacidade que vejo muito no Lula e pouco nos outros.\u00a0 &#8230;. Ele tem uma intelig\u00eancia emocional rara. Ele tem uma din\u00e2mica que poucos t\u00eam.<\/p><pre><em>A entrevista aborda uma situa\u00e7\u00e3o que acho preocupante. Se o governo do Pa\u00eds, na situa\u00e7\u00e3o \u00a0em que ser\u00e1 \u201cherdada\u201d do Bolsomaro \u00e9 bem dif\u00edcil, o grau de dificuldade aumenta muito se for encontrado um ambiente\u00a0 em que, transcendendo a saud\u00e1vel oposi\u00e7\u00e3o \u00a0democr\u00e1tica, seja enfrentada uma parcela da popula\u00e7\u00e3o permanentemente \u00a0raivosa.<\/em><\/pre><h3><strong>3 &#8211; \u201c<\/strong><strong>Programa do Minist\u00e9rio da Agricultura revela metais pesados e agrot\u00f3xicos proibidos em alimentos\u201d \u2013 <\/strong><strong>Cida de Oliveira \u2013 <em>Rede Brasil Atual<\/em> <\/strong><strong>\u00a0\u2013 07 DEZ<\/strong>\u00a0<\/h3><p>\u201cPassou praticamente despercebida a publica\u00e7\u00e3o dos resultados do Programa Nacional de Controle de Res\u00edduos e Contaminantes em alimentos (PNCRC) por meio da\u00a0<a href=\"https:\/\/pedlowski.files.wordpress.com\/2021\/12\/portaria-sda-no-448-de-17-de-novembro-de-2021-portaria-sda-no-448-de-17-de-novembro-de-2021-dou-imprensa-nacional.pdf\">Portaria do Minist\u00e9rio da Agricultura SDA 448<\/a>, em 17 de novembro. Entre os alimentos analisados est\u00e3o abacaxi, alface, alho, am\u00eandoa, am\u00eandoa de cacau, amendoim, arroz, avel\u00e3, banana, batata, beterraba, caf\u00e9, castanha de caju, castanha do Brasil, cebola, cenoura, cevada malteada, c\u00edtricos, farinha de trigo, feij\u00e3o, goiaba, kiwi, ma\u00e7\u00e3, mam\u00e3o, manga, mel\u00e3o, milho, morango, pera, pimenta do reino, piment\u00e3o, soja, tomate, trigo e uva. Os resultados da an\u00e1lise, preliminar, apontam para um grave problema de contamina\u00e7\u00e3o \u2013 o que muito provavelmente explica a tentativa do Minist\u00e9rio da Agricultura de escond\u00ea-los. Foram detectados contaminantes em praticamente todos os alimentos analisados. E mais do que isso &#8230; agrot\u00f3xicos misturados com outros agrot\u00f3xicos e com metais pesados. E a mistura de tudo com tudo o mais. Essas combina\u00e7\u00f5es, ali\u00e1s, incluem metais pesados acima do limite estipulado pela legisla\u00e7\u00e3o \u2013 ou sem conformidade com ela. \u00c9 o caso do alho, tanto o nacional, como o importado \u00a0&#8230; [que] apresentaram contamina\u00e7\u00e3o por chumbo.\u00a0Ou mesmo do arroz, com 74 das 75 amostras apresentando contamina\u00e7\u00e3o por ars\u00eanio. O chumbo afeta o sistema nervoso central, os rins, o f\u00edgado, o sangue, o aparelho digestivo e os \u00f3rg\u00e3os sexuais. Nas crian\u00e7as, causa dano maior no sistema nervoso, ainda em processo de desenvolvimento &#8230; J\u00e1 o ars\u00eanio &#8230; causa diferentes efeitos t\u00f3xicos. A exposi\u00e7\u00e3o de curto prazo est\u00e1 associada \u00e0 conjuntivite, hiperqueratose, hiperpigmenta\u00e7\u00e3o, doen\u00e7as cardiovasculares, dist\u00farbios no sistema nervoso central e vascular perif\u00e9rico. E a exposi\u00e7\u00e3o prolongada pode levar ao aparecimento de diversos tipos de c\u00e2ncer, como de pele, pulm\u00e3o, pr\u00f3stata, bexiga, rim e f\u00edgado. &#8230; \u2018&#8230; os resultados do PNCRC detectaram algo que j\u00e1 \u00e9 sabido, mas nem sempre facilmente document\u00e1vel, que \u00e9 o uso de agrot\u00f3xicos que n\u00e3o s\u00e3o permitidos para determinadas culturas\u2019, disse o professor &#8230; da Universidade Estadual do Norte Fluminense (Uenf) Marcos Pedlowsk. &#8230; Temos subst\u00e2ncias que s\u00e3o potencialmente causadoras de doen\u00e7as graves, como o inseticida Acefato, banido na\u00a0<a href=\"https:\/\/blogdopedlowski.com\/2019\/02\/05\/banido-na-uniao-europeia-acefato-continuara-com-venda-liberada-no-brasil\/\">Uni\u00e3o Europeia<\/a>\u00a0por causar, entre outras coisas, a\u00a0<a href=\"https:\/\/www.aenda.org.br\/noticia_imprensa\/saiba-quais-sao-os-principios-ativos-dos-agrotoxicos-mais-vendidos-no-mundo\/\">perda da fertilidade<\/a> masculina, e por causar a morte de aves e esp\u00e9cies marinhas &#8230; .\u2019 &#8230; desde o in\u00edcio do governo de Jair Bolsonaro, j\u00e1 s\u00e3o 1.507 novas libera\u00e7\u00f5es de agroqu\u00edmicos de diferentes tipos. Algumas destas subst\u00e2ncias est\u00e3o proibidas h\u00e1 mais de 20 anos nos pa\u00edses europeus justamente pelos males causados \u00e0 sa\u00fade e ao meio ambiente. &#8230; Para o pesquisador da Uenf, os resultados globais do PNCRC deveriam estar sendo amplamente divulgados para levar \u00e0 rea\u00e7\u00e3o por parte de organiza\u00e7\u00f5es que representam os interesses dos consumidores, bem como para orientar a a\u00e7\u00e3o de grupos de pesquisa e de organiza\u00e7\u00f5es n\u00e3o-governamentais. \u2018Afinal, o quadro que emerge dos resultados publicados em relativa surdina pelo governo Bolsonaro n\u00e3o \u00e9 nada bom\u2019.\u201d<\/p><pre><em>O assunto afeta diretamente a sa\u00fade p\u00fablica e, como real\u00e7a o professor da Uenf, n\u00e3o \u00e9 devidamente enfatizado \u00a0junto \u00e0 popula\u00e7\u00e3o. O que fazem as autoridades respons\u00e1veis? O artigo informa somente o que fazem as autoridades \u201cirrespons\u00e1veis\u201d que liberaram 1.507 subst\u00e2ncias t\u00f3xicas no atual (des)governo ...<\/em><\/pre><h3><strong>4 &#8211; <\/strong><strong>As estrat\u00e9gias imperiais dos EUA e como enfraquecem os outros pa\u00edses\u201d &#8211; Notas sobre relat\u00f3rio publicado pela Escola de Guerra Econ\u00f3mica, de Paris<\/strong><strong> \u2013 Daniel Vaz de Carvalho \u2013 <em>Aepet<\/em>\u00a0 \u2013 17\u00a0 DEZ<\/strong><strong>.<\/strong><\/h3><p>\u201cEm outubro de 2021, a\u00a0\u00c9<em>cole de Guerre Economique<\/em>, uma escola superior de refer\u00eancia em Fran\u00e7a que tem recebido sucessivos pr\u00e9mios pelo seu programa <em>MBA<\/em>\u00a0<em>Strategie et Inteligence Economique<\/em>, publicou um relat\u00f3rio intitulado <a href=\"https:\/\/www.ege.fr\/sites\/ege.fr\/files\/media_files\/rapport_alerte_usa_2021.pdf\"><em>Comment les Etats-Unis contribuent-ils \u00e0 affaiblir l&#8217;\u00e9conomie fran\u00e7aise?<\/em><\/a>, no qual participaram 25 acad\u00e9micos, sob a coordena\u00e7\u00e3o do diretor da EGE, Christian Harbulot. &#8230; a an\u00e1lise incide sobre os planos econ\u00f3micos, sociais e, de uma forma abrangente, tamb\u00e9m pol\u00edticos. O seu interesse reside em que tudo o que <u>o se nele se expressa<\/u>, embora visando situa\u00e7\u00f5es e casos ocorridos em Fran\u00e7a, <u>tem aplica\u00e7\u00e3o global<\/u> [grifos meus] Trata-se de uma aprofundada an\u00e1lise sobre as estrat\u00e9gias dos EUA, para garantirem o dom\u00ednio sobre as outras na\u00e7\u00f5es. &#8230; As a\u00e7\u00f5es dos EUA s\u00e3o apresentadas como parte de uma \u2018luta pelo bem\u2019 tendo o objetivo de cumprir uma miss\u00e3o hist\u00f3rica (divina) pela humanidade, perspectiva que justifica o uso todos os meios. Esta vis\u00e3o coloca-os como uma na\u00e7\u00e3o \u00e0 qual outros s\u00e3o chamados a se alinhar.\u00a0&#8230; Os EUA estruturaram a ordem mundial de acordo com uma ideologia estabelecida ao servi\u00e7o dos seus interesses. &#8230; o seu dom\u00ednio no campo econ\u00f3mico serviu-se da livre circula\u00e7\u00e3o de bens e da redu\u00e7\u00e3o dos limites ao com\u00e9rcio, nomeadamente alfandeg\u00e1rios. &#8230; Com o fim do Bloco de Leste, a OTAN deixava de ter a sua raz\u00e3o de ser original, mas foi refor\u00e7ada pelos EUA, que a usam para o dom\u00ednio militar da sua nova \u2018ordem mundial\u2019 &#8230;\u00a0 mais o d\u00f3lar, que passou a dominar a n\u00edvel mundial o sistema financeiro do capitalismo, os EUA puderam arvorar-se em \u2018policias do mundo\u2019 (18) impondo a sua ideologia, combatendo tudo que dela se afaste. &#8230; \u00a0Estrat\u00e9gias informais e il\u00edcitas &#8230; s\u00e3o atividades agressivas, subversivas, informais, no ambiente pol\u00edtico, econ\u00f3mico e informacional para maximizar os interesses de uma entidade em detrimento de outra. Incluem o boicote, a manipula\u00e7\u00e3o de informa\u00e7\u00f5es e espionagem econ\u00f3mica. &#8230; Al\u00e9m da espionagem econ\u00f3mica, foi estabelecido sistematicamente o boicote, como entrave \u00e0 atividade econ\u00f3mica&#8230; Com a extraterritorialidade os EUA aplicam a sua legisla\u00e7\u00e3o nacional a pessoas f\u00edsicas ou jur\u00eddicas para al\u00e9m das suas fronteiras. \u00c9 um ato pol\u00edtico, uma vez que &#8230; resulta de l\u00f3gicas de influ\u00eancia e coer\u00e7\u00e3o. As multas aplicadas, com base na lei extraterritorial, seguem uma curva exponencial. Em 2004, o total de multas pagas foi de 10 milh\u00f5es de d\u00f3lares, atingindo &#8230;\u00a0 6,4 mil milh\u00f5es em 2020. &#8230; Usando meios subversivos e sabotando qualquer tentativa adversa de posicionamento econ\u00f3mico no cen\u00e1rio mundial, os Estados Unidos moldaram estas estruturas da forma mais adequada \u00e0 sustentabilidade de seu poder&#8230;. Para Christian Harbulot e Didier Lucas: \u2018Os Estados Unidos j\u00e1 n\u00e3o consideram o mundo composto de aliados, neutros, advers\u00e1rios e inimigos, mas de p\u00fablicos estrangeiros mais ou menos diferenciados que manipulam e influenciam\u2019. &#8230; [As empresas transnacionais americanas] contribuem decisivamente para o poder financeiro e capitalista dos EUA em todo o mundo e constituem uma extraordin\u00e1ria ferramenta de preda\u00e7\u00e3o para o enfraquecimento das economias concorrentes &#8230; . O fim justifica os meios segundo a doutrina americana, assim todos os meios do Estado (econ\u00f3micos, pol\u00edticos, de espionagem, militares &#8230;) s\u00e3o mobilizados para defender os seus interesses no mundo. &#8230; O \u2018soft power\u2019 \u00a0tem uma dupla voca\u00e7\u00e3o: cuidar da imagem dos Estados Unidos e constituir uma rede de influ\u00eancia. Parte importante desta estrat\u00e9gia s\u00e3o as a\u00e7\u00f5es de intensa propaganda para ser globalmente adotado o \u2018American Way of Life\u2019, &#8230;\u00a0 Promove-se a imagem do soldado, do her\u00f3i, impondo a sua vis\u00e3o \u00fanica de felicidade e sucesso ao resto do mundo. (66). Um imagin\u00e1rio que as produ\u00e7\u00f5es Hollywood, os servi\u00e7os de v\u00eddeo sob assinatura e o controlo dos media promovem. &#8230; De 2001 a 2017, os EUA afastaram-se gradualmente das estruturas (reconhecidamente a seu favor) que regiam as rela\u00e7\u00f5es entre aliados. Desde 2017, temos observado um recuo, um questionamento sistem\u00e1tico dos acordos de livre com\u00e9rcio, da ordem mundial estabelecida, um endurecimento das rela\u00e7\u00f5es com seus aliados, um etnocentrismo assumido. &#8230; Os Estados Unidos est\u00e3o atualmente em numa posi\u00e7\u00e3o de equil\u00edbrio particularmente inst\u00e1vel, que p\u00f5e em quest\u00e3o a realidade de seu poder. Nesta situa\u00e7\u00e3o eles t\u00eam de reafirmar imperativa e sistematicamente o seu poder a fim de lembrar a todos que s\u00e3o os donos do jogo. &#8230; O texto integral do relat\u00f3rio, com 181 pgs., encontra-se em\u00a0<a href=\"https:\/\/www.ege.fr\/sites\/ege.fr\/files\/media_files\/rapport_alerte_usa_2021.pdf\"><em>https:\/\/www.ege.fr\/sites\/ege.fr\/files\/media_files\/rapport_alerte_usa_2021<\/em><\/a><\/p><p><a href=\"https:\/\/aepet.org.br\/w3\/index.php\/conteudo-geral\/item\/7227-as-estrategias-imperiais-dos-eua-e-como-enfraquecem-os-outros-paises\"><em>https:\/\/aepet.org.br\/w3\/index.php\/conteudo-geral\/item\/7227-as-estrategias-imperiais-dos-eua-e-como-enfraquecem-os-outros-paises<\/em><\/a><\/p><pre><em>O texto consta em portugu\u00eas de Portugal, como \u00a0devem ter percebido. Certamente, o meu grifo (destacando a informa\u00e7\u00e3o dos autores de que <\/em>tudo o que o se expressa no texto \u00a0<u>tem <\/u>aplica\u00e7\u00e3o global<u>,<\/u> <em>\u00e9 desnecess\u00e1rio, \u00a0pois o leitor j\u00e1 ter\u00e1 correlacionado muito do que l\u00e1 consta com o que ocorre e ocorreu em um pa\u00eds \u201cque tem palmeiras\u00a0 onde canta o sabi\u00e1\u201d ... Ai est\u00e1 a Lava Jato como exemplo mais gritante e recente. Ai est\u00e1 o \u201cimpeachment\u201d (de fato, deposi\u00e7\u00e3o com tons legais) da Dilma. Ai est\u00e1 a atual desmontagem neoliberal do Pa\u00eds sob a batuta do maestro Paulo Guedes \u2013 ap\u00f3s proveitoso treinamento no Chile de Pinochet \u2013 da Petrobras e da Eletrobras. Ai est\u00e1 a crescente precariza\u00e7\u00e3o dos direitos do Trabalho. Voltamos ao assunto na msg de encaminhamento. <\/em><\/pre>\t\t\t\t\t\t\t\t<\/div>\n\t\t\t\t<\/div>\n\t\t\t\t\t<\/div>\n\t\t<\/div>\n\t\t\t\t\t<\/div>\n\t\t<\/section>\n\t\t\t\t<\/div>\n\t\t","protected":false},"excerpt":{"rendered":"<p>Prezados leitores\/amigos, Este \u00faltimo Desmonte do ano apresenta o mesmo formato dos anteriores, com as \u201cp\u00edlulas\u201d iniciais permitindo ao leitor, em poucos minutos, relembrar as not\u00edcias mais importantes reveladoras do processo de\u00a0ataque \u00e0s institui\u00e7\u00f5es do Estado, quando n\u00e3o arranhando a nossa pr\u00f3pria soberania, divulgadas no m\u00eas em curso. Em algumas poucas transcri\u00e7\u00f5es selecionadas, algo mais &hellip; <a href=\"http:\/\/desmontedoestado.com\/?p=523\" class=\"more-link\">Continue lendo<span class=\"screen-reader-text\"> &#8220;n\u00ba 71&#8221;<\/span><\/a><\/p>\n","protected":false},"author":2,"featured_media":0,"comment_status":"open","ping_status":"open","sticky":false,"template":"","format":"standard","meta":{"footnotes":""},"categories":[1],"tags":[],"class_list":["post-523","post","type-post","status-publish","format-standard","hentry","category-uncategorized"],"_links":{"self":[{"href":"http:\/\/desmontedoestado.com\/index.php?rest_route=\/wp\/v2\/posts\/523","targetHints":{"allow":["GET"]}}],"collection":[{"href":"http:\/\/desmontedoestado.com\/index.php?rest_route=\/wp\/v2\/posts"}],"about":[{"href":"http:\/\/desmontedoestado.com\/index.php?rest_route=\/wp\/v2\/types\/post"}],"author":[{"embeddable":true,"href":"http:\/\/desmontedoestado.com\/index.php?rest_route=\/wp\/v2\/users\/2"}],"replies":[{"embeddable":true,"href":"http:\/\/desmontedoestado.com\/index.php?rest_route=%2Fwp%2Fv2%2Fcomments&post=523"}],"version-history":[{"count":7,"href":"http:\/\/desmontedoestado.com\/index.php?rest_route=\/wp\/v2\/posts\/523\/revisions"}],"predecessor-version":[{"id":531,"href":"http:\/\/desmontedoestado.com\/index.php?rest_route=\/wp\/v2\/posts\/523\/revisions\/531"}],"wp:attachment":[{"href":"http:\/\/desmontedoestado.com\/index.php?rest_route=%2Fwp%2Fv2%2Fmedia&parent=523"}],"wp:term":[{"taxonomy":"category","embeddable":true,"href":"http:\/\/desmontedoestado.com\/index.php?rest_route=%2Fwp%2Fv2%2Fcategories&post=523"},{"taxonomy":"post_tag","embeddable":true,"href":"http:\/\/desmontedoestado.com\/index.php?rest_route=%2Fwp%2Fv2%2Ftags&post=523"}],"curies":[{"name":"wp","href":"https:\/\/api.w.org\/{rel}","templated":true}]}}