{"id":858,"date":"2023-01-05T23:10:11","date_gmt":"2023-01-06T02:10:11","guid":{"rendered":"http:\/\/desmontedoestado.com\/?p=858"},"modified":"2024-10-07T19:10:08","modified_gmt":"2024-10-07T22:10:08","slug":"desmonte-no-87","status":"publish","type":"post","link":"http:\/\/desmontedoestado.com\/?p=858","title":{"rendered":"Desmonte n\u00ba 87"},"content":{"rendered":"\t\t<div data-elementor-type=\"wp-post\" data-elementor-id=\"858\" class=\"elementor elementor-858\">\n\t\t\t\t\t\t<section class=\"elementor-section elementor-top-section elementor-element elementor-element-4bf9b99 elementor-section-boxed elementor-section-height-default elementor-section-height-default\" data-id=\"4bf9b99\" data-element_type=\"section\" data-e-type=\"section\">\n\t\t\t\t\t\t<div class=\"elementor-container elementor-column-gap-default\">\n\t\t\t\t\t<div class=\"elementor-column elementor-col-100 elementor-top-column elementor-element elementor-element-3c1fea2\" data-id=\"3c1fea2\" data-element_type=\"column\" data-e-type=\"column\">\n\t\t\t<div class=\"elementor-widget-wrap elementor-element-populated\">\n\t\t\t\t\t\t<div class=\"elementor-element elementor-element-0790dd0 elementor-widget elementor-widget-text-editor\" data-id=\"0790dd0\" data-element_type=\"widget\" data-e-type=\"widget\" data-widget_type=\"text-editor.default\">\n\t\t\t\t<div class=\"elementor-widget-container\">\n\t\t\t\t\t\t\t\t\t<p style=\"font-weight: 400;\">Prezados amigos,<\/p><p style=\"font-weight: 400;\">Esperei a cerim\u00f4nia de diploma\u00e7\u00e3o de Lula, cheia de simbolismo democr\u00e1tico, para voltar\u00a0\u00a0a dirigir-me aos leitores destas colet\u00e2neas. Ainda emocionado com as\u00a0\u00a0significativas falas do futuro presidente e do Alexandre de Moraes, n\u00e3o pretendo comentar o evento, que todos acompanharam, sen\u00e3o ao vivo, pelo menos em apresenta\u00e7\u00f5es posteriores.\u00a0\u00a0Mas voltarei ao dia 12, sim, posteriormente,\u00a0\u00a0para abordar os lament\u00e1veis epis\u00f3dios que ocorreram\u00a0\u00a0\u00e0 noite daquela data.<\/p><p style=\"font-weight: 400;\">No Desmonte anterior, aos primeiros dia de novembro, j\u00e1 adiantei que ele n\u00e3o seria o \u00faltimo, pois, mesmo derrotado na elei\u00e7\u00e3o, Bolsonaro continuaria a adotar a\u00e7\u00f5es prejudiciais ao Estado de Direito.<\/p><p style=\"font-weight: 400;\">E \u00e9, de fato, o que vem sendo observado O calculado sil\u00eancio de Bolsonaro \u2013 que j\u00e1 torna o ar mais respir\u00e1vel &#8230;\u00a0\u00a0\u2013, a meu ver, busca, estrategicamente, afast\u00e1-lo do foco pol\u00edtico, o que n\u00e3o impede que, na surdina, oriente o seu mais fiel escudeiro golpista \u2013 o gen. Braga Neto \u2013 sobre as \u201cprovid\u00eancias\u201d a adotar. A linha de a\u00e7\u00e3o b\u00e1sica que adota \u00e9 a de manter acesa a chama tresloucada de seus mais fi\u00e9is seguidores, que chegam a constituir algo assemelhado a uma\u00a0\u00a0seita. \u00c9 l\u00f3gico que n\u00e3o est\u00e1 alheia \u00e0 sua atitude um profundo desencanto, sen\u00e3o um sentimento de depress\u00e3o, mesmo, com a derrota. Creio que ele confiava realmente em uma vit\u00f3ria, merc\u00ea do apoio entusi\u00e1stico de seus seguidores, mas muito em fun\u00e7\u00e3o, tamb\u00e9m, da aposta que fez: mesmo correndo riscos legais e pol\u00edticos, empenhar-se ao m\u00e1ximo na \u201ccompra\u201d de votos, principalmente dos mais desfavorecidos. Para tal, Bolsonaro usou manobra constitucional,\u00a0\u00a0advinda da promulga\u00e7\u00e3o,\u00a0\u00a0pelo Congresso, da chamada PEC Emergencial, destinando\u00a0\u00a0R$ 44 bilh\u00f5es para a amplia\u00e7\u00e3o do aux\u00edlio emergencial, com cr\u00e9dito que ficou fora do teto de gastos e da meta do d\u00e9ficit prim\u00e1rio. Tal PEC foi encaminhada sob medida\u00a0\u00a0para driblar a lei (n\u00ba 9.504\/07)\u00a0\u00a0que pro\u00edbe a distribui\u00e7\u00e3o gratuita de\u00a0\u00a0benef\u00edcios pelo Poder P\u00fablico em ano eleitoral, salvo em casos de &#8230;\u00a0\u00a0situa\u00e7\u00f5es de emerg\u00eancia &#8230;. . Ao aux\u00edlio emergencial expandido somaram-se outras provid\u00eancias\u00a0como, por exemplo, a libera\u00e7\u00e3o de verba para a concess\u00e3o de empr\u00e9stimos consignados com cobran\u00e7a de juros que, beneficiando os bancos, ir\u00e1 criar. mais adiante, ainda mais dificuldades aos menos favorecidos. Tamb\u00e9m a\u00a0 libera\u00e7\u00e3o para a concess\u00e3o do vale-g\u00e1s. Ou ainda for\u00e7ando a diminui\u00e7\u00e3o dos pre\u00e7os da gasolina e do diesel, com sacrif\u00edcio de impostos estaduais\u00a0\u00a0que\u00a0\u00a0dever\u00e3o ser ressarcidos pelo governo central. Benef\u00edcios adicionais foram concedidos a taxistas e caminhoneiros. Por excel\u00eancia,\u00a0\u00a0medidas que, mesmo revestidas de amparo legal, s\u00e3o, na ess\u00eancia, a\u00e9ticas e imorais consideradas as suas motiva\u00e7\u00f5es eleitoreiras. De fato nunca se presenciara coisa semelhante na Rep\u00fablica!<\/p><p style=\"font-weight: 400;\">N\u00e3o se pode afirmar at\u00e9 que ponto houve influ\u00eancia do Steve Bannon, o estrategista de Trump nas a\u00e7\u00f5es que, por aqui, foram e vem sendo ainda\u00a0\u00a0adotadas.\u00a0\u00a0Como se sabe, Bannon foi o grande estrategista da \u00faltima elei\u00e7\u00e3o presidencial norte-americana, pelo lado de Trump.\u00a0\u00a0Perdida a luta por l\u00e1 \u2013 o Bannon foi at\u00e9 preso! \u2013 resta testar por aqui as variadas t\u00e1ticas golpistas, at\u00e9 como teste para a pr\u00f3xima campanha eleitoral republicana nos EEUU.\u00a0\u00a0E, afinal, derrotado Trump, foi muito prejudicial ao\u00a0\u00a0movimento mundial de extrema direita\u00a0\u00a0a vit\u00f3ria de Lula, sendo considerado\u00a0\u00a0o nosso Pa\u00eds verdadeira\u00a0\u00a0\u201cjoia da coroa\u201c que restara.<\/p><p style=\"font-weight: 400;\">Constata-se que as a\u00e7\u00f5es golpistas no Brasil\u00a0\u00a0sucedem-se de forma muito bem coordenada, com uma\u00a0\u00a0\u00a0log\u00edstica que impressiona. Dir-se-ia quase militar &#8230; Tais a\u00e7\u00f5es compreenderam e ainda compreendem o bloqueio de estradas e, na atualidade, com \u00eanfase, manifesta\u00e7\u00f5es golpistas \u00e0 frente dos quart\u00e9is. A pauta inclui motiva\u00e7\u00f5es pat\u00e9ticas, de cunho claramente fascist\u00f3ide: a anula\u00e7\u00e3o da elei\u00e7\u00e3o\u00a0\u00a0presidencial (que passou inicialmente pelo ataque \u00e0s urnas eletr\u00f4nicas);\u00a0\u00a0a interven\u00e7\u00e3o militar; o fechamento do Congresso, do Supremo e do TSE; a\u00a0\u00a0pris\u00e3o de ministros do STF e do TSE (Alexandre de Moraes \u00e0 frente).\u00a0\u00a0Declara\u00e7\u00f5es bomb\u00e1sticas de apoio \u00e0s manifesta\u00e7\u00f5es em frente aos quart\u00e9is e ao golpe em si\u00a0\u00a0ocorrem\u00a0\u00a0quando se nota algum decr\u00e9scimo no entusiasmo dos que defendem tais desatinadas bandeiras. Mais do que desatinadas, criminosas, pois, ao contr\u00e1rio do que defendem os golpistas, a livre manifesta\u00e7\u00e3o de ideias n\u00e3o \u00e9 absoluta, n\u00e3o comportando\u00a0\u00a0posturas que busquem atingir de morte a pr\u00f3pria Constitui\u00e7\u00e3o e a Democracia. Na linha de defesa do indefens\u00e1vel, sucederam-se e ainda continuam a faz\u00ea-lo, entre outras,\u00a0\u00a0figuras como a do pastor (?) Malafaia,\u00a0\u00a0das\u00a0deputadas Carla Zambelli e Bia Kicis,\u00a0\u00a0do gen Villas Boas (de triste tradi\u00e7\u00e3o golpista), do\u00a0 gen.\u00a0\u00a0Heleno (comandante do Gabinete de\u00a0<strong>In<\/strong>seguran\u00e7a Institucional), do gen. Paulo Chagas\u00a0\u00a0e do pr\u00f3prio gen. Mour\u00e3o.\u00a0Tais manifesta\u00e7\u00f5es chegaram a evoluir para formas mais agressivas, incluindo sequestro, tiros e agress\u00f5es. De fato, j\u00e1 ocorreram mortes!<\/p><p style=\"font-weight: 400;\">Chegamos \u00e0 noite do dia 12 quando ocorreu a tentativa de invas\u00e3o da sede da Policia Federal, em Bras\u00edlia,\u00a0\u00a0que acabara de prender, por decreto de Alexandre de Moraes mas por solicita\u00e7\u00e3o original do PGR Aras, um ind\u00edgena acusado de cometer\u00a0\u00a0atos antidemocr\u00e1ticos. A tal tentativa sucederam-se outros atos terroristas como o inc\u00eandio de cinco \u00f4nibus e oito autom\u00f3veis,\u00a0\u00a0Estes, os fatos. Seguem-se algumas observa\u00e7\u00f5es sobre tais a\u00e7\u00f5es criminosas:<\/p><p style=\"font-weight: 400;\">\u00a0\u00a0\u00a0\u00a0\u00a0\u00a0\u00a0\u00a0\u00a0\u00a0&#8211; os crimes ocorreram no mesmo dia da diploma\u00e7\u00e3o. A pris\u00e3o do ind\u00edgena parece apenas um pretexto. Afinal,\u00a0\u00a0ele\u00a0\u00a0nem se configura uma\u00a0\u00a0lideran\u00e7a significativa. Existe, a meu ver, uma conota\u00e7\u00e3o subjacente que \u00e9 a de buscar esvaziar o significado pol\u00edtico do ato de diploma\u00e7\u00e3o junto aos golpistas , ou pelo menos atenuar seu impacto pol\u00edtico;<\/p><p style=\"font-weight: 400;\">\u00a0\u00a0\u00a0\u00a0\u00a0\u00a0\u00a0\u00a0\u00a0\u00a0&#8211; a a\u00e7\u00e3o parece\u00a0 marcar um\u00a0<em>turning point<\/em>\u00a0nas a\u00e7\u00f5es golpistas: esgotada a t\u00e1tica \u2013 que n\u00e3o teve sucesso \u2013 de concentrar manifestantes \u00e0s portas dos quart\u00e9is visando sensibilizar os militares para que se\u00a0aventurassem em um golpe de estado,\u00a0\u00a0parte-se agora para a\u00e7\u00f5es\u00a0\u00a0mais frontais e violentas, pass\u00edveis de serem estendidas a todo o Pa\u00eds, com a execu\u00e7\u00e3o de virtuais atos de terrorismo, como forma de provocar, ainda na gest\u00e3o Bolsonaro, uma\u00a0Opera\u00e7\u00e3o de\u00a0Garantia da Lei e da Ordem\u00a0(Op GLO), para preservar a ordem p\u00fablica &#8230;\u00a0\u00a0E a posse correria o risco de ser adiada &#8230; Curioso \u00e9 recordar, a prop\u00f3sito, um curioso coment\u00e1rio p\u00fablico do futuro ministro da Defesa Jos\u00e9 Mucio de que \u201cos pr\u00f3ximos 15 dias ser\u00e3o os piores\u201d. Ser\u00e1 que Moraes ainda n\u00e3o decretou a pris\u00e3o maci\u00e7a de golpistas \u2013 e tem elementos para tal \u2013 para\u00a0\u00a0n\u00e3o dar margem, ainda na gest\u00e3o Bolsonaro, a protestos violentos como o que ocorreu em Bras\u00edlia?; e<\/p><p style=\"font-weight: 400;\">\u00a0\u00a0\u00a0\u00a0\u00a0\u00a0\u00a0&#8211; causa enorme esp\u00e9cie o fato de ningu\u00e9m ter sido preso pela pol\u00edcia do DF. mesmo ap\u00f3s uma boa quantidade de v\u00e2ndalos ter atacado a sede da Pol\u00edcia Federal e, na sequ\u00eancia. ateado fogo em v\u00e1rios \u00f4nibus e autom\u00f3veis. Ao que tudo indica, imperava a certeza da impunidade! A prop\u00f3sito, o atual\u00a0\u00a0ministro da Justi\u00e7a e Seguran\u00e7a P\u00fablica, Anderson Torres, um bolsonarista-raiz,\u00a0\u00a0foi convidado pelo atual governador dp DF, o tamb\u00e9m bolsonarista\u00a0\u00a0Ibaneis Rocha,\u00a0\u00a0\u00a0para assumir\u00a0\u00a0a Secretaria de Seguran\u00e7a P\u00fablica do DF &#8230;<\/p><p style=\"font-weight: 400;\">Desnecess\u00e1rio \u00e9 acentuar que a perpetua\u00e7\u00e3o de todos estes atos s\u00f3 \u00e9 poss\u00edvel na aus\u00eancia de rea\u00e7\u00f5es\u00a0\u00a0mais efetivas\u00a0\u00a0das institui\u00e7\u00f5es ligadas \u00e0 Seguran\u00e7a e \u00e0 pr\u00f3pria Justi\u00e7a (no \u00faltimo caso, por causa\u00a0\u00a0dos tr\u00e2mites\u00a0\u00a0que envolvem sua aplica\u00e7\u00e3o). J\u00e1 pipocam\u00a0\u00a0atos de indisciplina, inclusive no campo militar, o que reputo grav\u00edssimo. Exemplo\u00a0\u00a0mais gritante, a postura do gen.\u00a0Andr\u00e9 Luiz Ribeiro Campos All\u00e3o, comandante da 10\u00aa Regi\u00e3o Militar (FTZ)\u00a0que declarou, perante a tropa, que proteger\u00e1 atos golpistas \u00e0s portas de seu\u00a0quartel\u00a0\u00a0&#8220;mesmo que existam ordens de outros poderes no caminho contr\u00e1rio&#8221;, ao que tudo indica, em alus\u00e3o indireta ao Poder Judici\u00e1rio. N\u00e3o se conhecem,at\u00e9 o momento, informa\u00e7\u00f5es sobre sua puni\u00e7\u00e3o ou afastamento do cargo. Como soe acontecer com atos de indisciplina, ela se espraia.\u00a0\u00a0\u00c9 assim que\u00a0\u00a0um sargento (da Marinha!) servindo no GSI\u00a0\u00a0afirmou,\u00a0\u00a0em p\u00fablico:\u00a0\u00a0\u201cEu tenho certeza que o ladr\u00e3o n\u00e3o sobe a rampa&#8221;&#8230;.\u00a0.\u00a0Felizmente, a posi\u00e7\u00e3o do Alto Comando do Ex\u00e9rcito,\u00a0\u00a0em notas oficiais,\u00a0\u00a0vem pondo um freio em tais tend\u00eancias fascist\u00f3ides! Ao mencionar-se quebra de disciplina \u2013 disciplina que representa\u00a0\u00a0princ\u00edpio basilar das FFAA\u00a0\u00a0\u2013,\u00a0\u00a0n\u00e3o se pode esquecer o p\u00e9ssimo exemplo dado com\u00a0\u00a0a decreta\u00e7\u00e3o do sigilo de 100 anos\u00a0\u00a0em rela\u00e7\u00e3o \u00e0 falta disciplinar cometida pelo gen. Pazzuelo, ao participar, ainda no servi\u00e7o ativo,\u00a0 de\u00a0\u00a0manifesta\u00e7\u00e3o p\u00fablica favor\u00e1vel a Bolsonaro &#8230;<\/p><p style=\"font-weight: 400;\">Neste desfilar de horrores, cabe destacar dois momentos que acorreram sob medida quando, a crit\u00e9rio dos golpistas, cabia\u00a0\u00a0algum ato mais relevante para animar as manifesta\u00e7\u00f5es em frente aos quart\u00e9is.\u00a0\u00a0Refiro-me, em primeiro lugar,\u00a0\u00a0\u00e0 pat\u00e9tica tentativa do PL junto ao TSE buscando lan\u00e7ar d\u00favida sobre o devido equil\u00edbrio de men\u00e7\u00f5es em\u00a0\u00a0radiotransmissores\u00a0\u00a0do Nordeste a favor de Lula, alega\u00e7\u00e3o de pronto recha\u00e7ada pelos fatos e anulada pelo TSE.\u00a0\u00a0Em seguida, outra tentativa que, de pronto, atenta contra a mais elementar l\u00f3gica: o PL pleiteou, junto ao TSE, a anula\u00e7\u00e3o da vota\u00e7\u00e3o depositada em 279 mil urnas de fabrica\u00e7\u00e3o anterior a 2020, mas s\u00f3 para a vota\u00e7\u00e3o presidencial no 2\u00ba turno, continuando a valer a vota\u00e7\u00e3o que empregou as mesmas\u00a0\u00a0urnas\u00a0\u00a0no primeiro\u00a0\u00a0turno ( que elegeu a maior bancada j\u00e1 obtida pelo PL)!\u00a0\u00a0Muito oportunamente para os golpistas, computadas somente as urnas n\u00e3o contestadas, Bolsonaro\u00a0\u00a0teve cerca de 51,05% dos votos contra 48,95% de Lula &#8230; ,\u00a0\u00a0Nessa segunda feita,\u00a0\u00a0a rea\u00e7\u00e3o do presidente do TSE ao\u00a0\u00a0multar o PL em pouco mais de 28 milh\u00f5es\u00a0\u00a0de reais, por \u201clitig\u00e2ncia de m\u00e1 f\u00e9\u201d foi did\u00e1tica e exemplar!<\/p><p style=\"font-weight: 400;\">Volta-se a mencionar, aqui e ali, a possibilidade de uma certa leni\u00eancia com os crimes cometidos por Bolsonaro\u00a0<em>et caterva<\/em>\u00a0como forma de apaziguar o Pa\u00eds. A prop\u00f3sito, reafirmo minha posi\u00e7\u00e3o: n\u00e3o \u00e9 &#8220;passando a m\u00e3o por cima da cabe\u00e7a\u201d de algu\u00e9m que vai\u00a0\u00a0pacificar-se o Pa\u00eds. Muito ao contr\u00e1rio, a falta ou atenua\u00e7\u00e3o das puni\u00e7\u00f5es ap\u00f3s o devido processo legal, serviria de forte est\u00edmulo para que, mais adiante,\u00a0\u00a0os fascist\u00f3ides voltassem \u00e0 carga. Tal \u00e9 o entendimento do pr\u00f3prio min. Moraes, como ficou claro no discurso que pronunciou, por ocasi\u00e3o da diploma\u00e7\u00e3o.<\/p><p style=\"font-weight: 400;\">Nos \u00faltimos dias, ocorrem ainda algumas outras a\u00e7\u00f5es delet\u00e9rias de Bolsonaro, visando dificultar o in\u00edcio do novo governo. Refiro-me ao bloqueio de verbas para \u00e1reas absolutamente essenciais ao perfeito funcionamento do Pa\u00eds e a nomea\u00e7\u00f5es para cargos com mandatos de tr\u00eas anos que n\u00e3o poder\u00e3o ser canceladas. \u00c9 o caso da indica\u00e7\u00e3o, no dia 11 p. p., de sete diretores de ag\u00eancias reguladoras.<\/p><p style=\"font-weight: 400;\">\u00c9\u00a0 prov\u00e1vel\u00a0\u00a0que a a\u00e7\u00e3o nefasta do bolsonarismo continue a ocorrer, ap\u00f3s a posse de Lula. Mas alguns fatores\u00a0\u00a0ir\u00e3o concorrer com a a\u00e7\u00e3o do tempo\u00a0\u00a0para\u00a0\u00a0atenuar tal influ\u00eancia. Parece ser o caso da pr\u00f3xima posse do Lula; das primeiras iniciativas do novo governo, incluindo a escolha de dirigentes do 1\u00ba escal\u00e3o, da esperada aprova\u00e7\u00e3o da \u201cPEC da Transi\u00e7\u00e3o\u201d, dos resultados do relat\u00f3rio da Comiss\u00e3o de Transi\u00e7\u00e3o e dos primeiros atos ap\u00f3s a posse; bem como os primeiros movimentos que j\u00e1 se esbo\u00e7am no campo externo e internacional, com acenos de boa vontade e vantagem econ\u00f4mica para\u00a0\u00a0o Pa\u00eds. Tudo isso favorece o pleno retorno do Brasil que vivenciamos hoje, cheio de \u00f3dio e viol\u00eancia,\u00a0\u00a0\u00a0\u00e0 nossa P\u00e1tria, cordial, hospitaleira e confiante\u00a0\u00a0no futuro, que j\u00e1 tivemos n\u00e3o faz\u00a0\u00a0muito tempo!<\/p><p style=\"font-weight: 400;\">Ora chega ao fim o odioso processo de Desmonte das institui\u00e7\u00f5es, como se buscou apresentar nessas 87 colet\u00e2neas, forma que encontrei para, modestamente, dentro de minhas possibilidades, contribuir com a oposi\u00e7\u00e3o a tudo o que viria a ocorrer no Pa\u00eds, nesses seis anos e meio.\u00a0\u00a0Vale recordar que o Desmonte n\u00ba 1\u00a0\u00a0remonta a 15 de julho de 2016, com o processo\u00a0\u00a0de impeachment da Dilma em pleno curso, mas j\u00e1 deixando antever as consequ\u00eancias para o Pa\u00eds.\u00a0\u00a0Muit\u00edssimo obrigado a todos os que acompanharam ao longo dessa jornada bastante penosa. Novos ares despontam para o Brasil!<\/p><p style=\"font-weight: 400;\">Forte abra\u00e7o!<\/p><p style=\"font-weight: 400;\">Luiz Philippe da Costa Fernandes<\/p>\t\t\t\t\t\t\t\t<\/div>\n\t\t\t\t<\/div>\n\t\t\t\t\t<\/div>\n\t\t<\/div>\n\t\t\t\t\t<\/div>\n\t\t<\/section>\n\t\t\t\t<section class=\"elementor-section elementor-top-section elementor-element elementor-element-70d7754 elementor-section-boxed elementor-section-height-default elementor-section-height-default\" data-id=\"70d7754\" data-element_type=\"section\" data-e-type=\"section\">\n\t\t\t\t\t\t<div class=\"elementor-container elementor-column-gap-default\">\n\t\t\t\t\t<div class=\"elementor-column elementor-col-100 elementor-top-column elementor-element elementor-element-a5ebbcb\" data-id=\"a5ebbcb\" data-element_type=\"column\" data-e-type=\"column\">\n\t\t\t<div class=\"elementor-widget-wrap elementor-element-populated\">\n\t\t\t\t\t\t<div class=\"elementor-element elementor-element-a6de371 elementor-widget elementor-widget-text-editor\" data-id=\"a6de371\" data-element_type=\"widget\" data-e-type=\"widget\" data-widget_type=\"text-editor.default\">\n\t\t\t\t<div class=\"elementor-widget-container\">\n\t\t\t\t\t\t\t\t\t<p><strong>ARTIGOS SELECIONADOS PARA O DESMONTE N\u00ba 87<\/strong><\/p><p><strong>&#8211; <\/strong><strong>&#8211; <\/strong><strong>&#8220;EUA v\u00e3o interferir no Brasil no governo Lula, utilizando fra\u00e7\u00f5es do pr\u00f3prio PT para fazer o trabalho&#8221;, diz Andrew Korybko\u201d \u2013 09 NOV. <br \/><\/strong>\u201c&#8230; Em entrevista exclusiva &#8230; o autor do livro \u2018Guerras h\u00edbridas \u2013 das revolu\u00e7\u00f5es coloridas aos golpes\u2019, Andrew Korybko, alerta que os EUA v\u00e3o interferir no Brasil no governo Lula 3, utilizando fra\u00e7\u00f5es do pr\u00f3prio PT para fazer o trabalho. &#8230; o ex-embaixador dos EUA em Bras\u00edlia Thomas Shannon disse que Lula ser\u00e1 \u00fatil \u00e0 Washington por fazer uma \u2018ponte entre a velha e a nova esquerda\u2019. A \u2018nova esquerda\u2019 parece ser mais palat\u00e1vel a Shannon [pois] &#8230; segundo ele,&#8230; \u2018n\u00e3o \u00e9 antiamericana e est\u00e1 centrada em quest\u00f5es internas. &#8230; A guerra h\u00edbrida dos EUA contra o Brasil vai se desenvolver de novas formas\u2019, disse Korybko &#8230; . \u2018A fra\u00e7\u00e3o liberal-globalista do Partido dos Trabalhadores, mais ligada ao Partido Democrata dos EUA, consiste na maior amea\u00e7a neste momento&#8230;. os EUA nem precisariam intervir diretamente, uma vez que essa fra\u00e7\u00e3o do partido \u00e9 capaz de fazer descarrilhar a agenda do partido por si pr\u00f3pria [&#8230;] mesmo que n\u00e3o esteja plenamente consciente disso\u2019, acredita o &#8230; norte-americano. &#8230; .\u201d<\/p><p>&#8211;<strong> \u201cDocumento: Ex\u00e9rcito pode remover manifestantes das portas do quart\u00e9is\u201d \u2013 15 NOV.<br \/>\u201c&#8230; <\/strong>As For\u00e7as Armadas podem fazer rondas e proibir imediatamente as manifesta\u00e7\u00f5es golpistas nos arredores dos quart\u00e9is. S\u00f3 n\u00e3o est\u00e3o fazendo isso por decis\u00e3o pr\u00f3pria. Talvez porque interesse aos comandos sustentar uma espada sobre o pesco\u00e7o da sociedade civil? &#8230; &#8230; um parecer emitido em 2019 circulou &#8230; \u00a0e encerrou a conversa. Se n\u00e3o podem atuar como pol\u00edcia contra crimes comuns &#8230; os militares podem, sim, enxotar os golpistas das portas do quart\u00e9is. O parecer assinado por Leyla Andrade Veras, advogada da Uni\u00e3o\u00a0 &#8230;\u00a0 foi produzido &#8230; \u00a0dentro do Minist\u00e9rio da Defesa e deixa bastante claro: \u2018\u00c9 poss\u00edvel que as For\u00e7as Armadas promovam,\u00a0<strong>na \u00e1rea de 1.320 metros ao redor dos estabelecimentos militares<\/strong>, a\u00e7\u00f5es t\u00edpicas de pol\u00edcia administrativa, incidentes sobre bens, direitos ou atividades, citando-se como exemplos: patrulhamento, fiscaliza\u00e7\u00e3o de tr\u00e2nsito no per\u00edmetro da OM, com estabelecimento tempor\u00e1rio de posi\u00e7\u00f5es est\u00e1ticas ao longo do seu itiner\u00e1rio, junto aos limites das instala\u00e7\u00f5es militares, bem como o bloqueio dos acessos ao quartel\u2019.\u201d<\/p><p><strong>&#8211; \u201c <\/strong><strong>ABI repudia apoio de Villas B\u00f4as aos atos golpistas de bolsonaristas\u201d \u2013 16 NOV. <br \/>\u201c<\/strong>A Associa\u00e7\u00e3o Brasileira de Imprensa &#8230;\u00a0 divulgou &#8230;\u00a0 uma nota de rep\u00fadio pela\u00a0<a href=\"about:blank\">declara\u00e7\u00e3o do general Villas B\u00f4as<\/a> &#8230;., contra o resultado da elei\u00e7\u00e3o presidencial e criticou a imprensa por supostamente n\u00e3o cobrir a movimenta\u00e7\u00e3o adequadamente. &#8230; A ABI considerou as declara\u00e7\u00f5es \u2018um atentado \u00e0 democracia, um est\u00edmulo ao golpe [que] merece nosso veemente rep\u00fadio\u2019. Acrescentou mais adiante que \u2018a m\u00eddia est\u00e1 certa em n\u00e3o dar espa\u00e7o para golpistas, que insistem em n\u00e3o aceitar democraticamente o resultado das urnas\u2019. Como disse o ministro &#8230; Roberto Barroso &#8230;\u00a0 \u2018A democracia comporta manifesta\u00e7\u00f5es pac\u00edficas de inconformismo, mas imp\u00f5e a todos os cidad\u00e3os o respeito ao resultado das urnas. O desrespeito \u00e0s institui\u00e7\u00f5es e \u00e0s pessoas, assim como as amea\u00e7as de viol\u00eancia, n\u00e3o fazem bem a nenhuma causa e atrasam o pa\u00eds, que precisa de ordem e paz para progredir&#8217;.\u201d<\/p><pre><em>Perdeu. man\u00e9, n\u00e3o amola! .<strong>..<\/strong><\/em><\/pre><p><strong>&#8211; \u201c<\/strong><strong>General da 10\u00aa Regi\u00e3o Militar protege manifestantes e desafia &#8216;poderes\u201d <\/strong><strong>\u2013 19 NOV.<\/strong> <br \/>V\u00eddeo que circula desde ontem nas redes sociais mostra a explana\u00e7\u00e3o do general Andr\u00e9 Luiz Ribeiro Campos All\u00e3o, comandante da 10\u00aa Regi\u00e3o Militar do Ex\u00e9rcito, em Fortaleza (CE), explicando \u00e0 tropa sobre as provid\u00eancias que tomou em favor dos manifestantes que se mant\u00eam \u00e0 frente do quartel com reivindica\u00e7\u00f5es antidemocr\u00e1ticas. O oficial tenta normalizar os atos golpistas e diz que proteger\u00e1 os participantes \u2018mesmo que existam ordens de outros poderes no caminho contr\u00e1rio\u2019<em>\u201d \u00a0\u00a0\u00a0\u00a0\u00a0\u00a0\u00a0\u00a0\u00a0\u00a0\u00a0<\/em><\/p><pre><em>\u00a0\u00c9 extremamente preocupante verificar a exist\u00eancia de um general comandante de Regi\u00e3o Militar \u00a0fazer, ostensivamente, \u00e0 frente de seus comandados, a defesa do golpe e da anarquia. <\/em><\/pre><p><strong>&#8211; <\/strong><strong>\u201cGeneral Santos Cruz diz que Lula n\u00e3o deve temer militares\u201d \u2013 22 NOV. <\/strong><\/p><p><strong>\u201c<\/strong>Ex-aliado de Bolsonaro, general &#8230; disse que Lula tem experi\u00eancia pol\u00edtica e saber\u00e1 lidar com as For\u00e7as Armadas&#8230; . Santos Cruz &#8230; tamb\u00e9m recha\u00e7ou nota assinada pelos comandantes do Ex\u00e9rcito, Marinha e Aeron\u00e1utica h\u00e1 duas semanas segundo a qual as For\u00e7as Armadas teriam uma fun\u00e7\u00e3o \u2018moderadora\u2019 na Rep\u00fablica brasileira. \u2018Qualquer interpreta\u00e7\u00e3o de que as For\u00e7as Armadas s\u00e3o um poder moderador est\u00e1 completamente errada\u2019, disse.\u201d<\/p><p><strong>&#8211; <\/strong><strong>\u201cBolsonaro est\u00e1 aparelhando o futuro governo Lula\u201d \u2013 22 NOV. <br \/>\u201c\u2019<\/strong>. &#8230;\u00a0 Bolsonaro est\u00e1 nomeando amigos para cargos p\u00fablicos com mandato, aparelhando o futuro governo com aliados &#8230; . Na sexta-feira, &#8230; foram publicadas\u00a0 &#8230;\u00a0 as indica\u00e7\u00f5es do ministro &#8230;\u00a0 C\u00e9lio Faria Junior, e do assessor especial da Presid\u00eancia Jo\u00e3o Henrique Nascimento de Freitas para a Comiss\u00e3o de \u00c9tica P\u00fablica da Presid\u00eancia da Rep\u00fablica. Eles ter\u00e3o mandatos de tr\u00eas anos &#8230; . Parte superior do formul\u00e1rio<\/p><p>No dia 11 foram indicados sete diretores de ag\u00eancias reguladoras, cargos que tamb\u00e9m asseguram mandatos a seus dirigentes. &#8230; para o conselho diretor da Anatel, &#8230;\u00a0 para a diretoria da Antaq\u00a0 &#8230;\u00a0 para a diretoria da ANTT\u00a0 &#8230; [para a]\u00a0\u00a0 ANM\u00a0 &#8230; e[e para]\u00a0 cargo de Diretora do Conselho Diretor da Autoridade Nacional de Prote\u00e7\u00e3o de Dados. &#8230; Embora as ag\u00eancias reguladoras sejam teoricamente independentes do governo, seus dirigentes t\u00eam poder suficiente para embarreirar pol\u00edticas p\u00fablicas do Executivo.\u201d<\/p><p><strong>&#8211; <\/strong><strong>\u201cComandantes das For\u00e7as Armadas cobram a\u00e7\u00e3o de Bolsonaro para conter atos em frente a quart\u00e9is\u201d \u2013 24 NOV. <\/strong><\/p><p>\u201c&#8230; o presidente Jair Bolsonaro (PL) ouviu dos comandantes da Marinha, Ex\u00e9rcito e For\u00e7a A\u00e9rea de que \u00e9 preciso um sinal mais claro &#8230; \u00a0aos eleitores que insistem em fazer vig\u00edlias na frente de quart\u00e9is, com demandas inconstitucionais, como pedido de interven\u00e7\u00e3o militar. A\u00a0<strong>CNN<\/strong>\u00a0apurou que os comandantes das tr\u00eas for\u00e7as s\u00e3o un\u00e2nimes no posicionamento de que tais movimentos s\u00e3o in\u00f3cuos. Dois deles teriam acrescentado que \u2018n\u00e3o t\u00eam base legal\u2019&#8230;. E mais: estariam gerando problemas de seguran\u00e7a e discuss\u00f5es internas dentro das corpora\u00e7\u00f5es, uma vez que &#8230; militares inconformados com o resultado das urnas estariam fomentando os protestos, com a participa\u00e7\u00e3o de parentes e amigos.\u201d<\/p><p><strong>&#8211; \u201cThe Washington Post: Trump e aliados orientam fam\u00edlia Bolsonaro sobre rea\u00e7\u00e3o a derrota para Lula\u201d \u2013 24 NOV.<br \/>\u201cA<\/strong>s conversas envolvem Steve Bannon e o CEO da rede social Gettr &#8230;.\u201d<\/p><p><strong>&#8211;<\/strong> <strong>\u201cEquipe de transi\u00e7\u00e3o mostra assombro com prescri\u00e7\u00e3o de R$ 18 bi em multas ambientais pelo governo Bolsonaro\u201d \u2013 25 NOV. <br \/><\/strong>\u201c&#8230; o montante poder\u00e1 ser ainda maior, uma vez que as avalia\u00e7\u00f5es ainda est\u00e3o em fase preliminar.\u201d<\/p><p><strong>&#8211; \u201cPaulo Pimenta alerta que golpistas j\u00e1 atuam na C\u00e2mara para anistiar Bolsonaro: \u2018impunidade \u00e9 o fermento dos canalhas\u2019&#8221; \u2013 26 NOV. <br \/><\/strong>\u201c\u2018Major Vitor Hugo (PL-GO) apresentou um projeto de lei que anistia manifestantes e financiadores dos atos criminosos\u2019, alerta o deputado. &#8230; Pimenta relata que \u2018a anistia tamb\u00e9m compreenderia &#8216;o financiamento, a organiza\u00e7\u00e3o e o apoio de qualquer natureza, al\u00e9m das falas, coment\u00e1rios ou publica\u00e7\u00f5es em redes sociais ou em qualquer plataforma na rede mundial de computadores (internet)&#8217;\u201d.<\/p><pre><em>Ap\u00f3s a fala de Moraes na diploma\u00e7\u00e3o, tem-se muita\u00a0 esperan\u00e7a de que n\u00e3o prosperem iniciativas do g\u00eanero. Em minha opini\u00e3o, foram os famosos \u201cjeitinhos\u201d que nos conduziram \u00e0 situa\u00e7\u00e3o em que nos encontramos. Para n\u00e3o ir mais longe: se o STM n\u00e3o tivesse aliviado a situa\u00e7\u00e3o de Bolsonaro ap\u00f3s os seus pretendidos atos terroristas e o exclu\u00eddo do EB, com desonra; se ele tivesse sido simplesmente exclu\u00eddo da C\u00e2mara de Deputados, ap\u00f3s o devido processo, depois de elogiar a tortura e torturadores, de pregar nova revolu\u00e7\u00e3o que matasse 30 mil brasileiros etc.\u00a0 ..., ele n\u00e3o teria chegado aonde chegou! <\/em><\/pre><p><strong>&#8211; \u201cDF: \u00a0manifestante convoca atiradores para \u00a0protesto \u00a0no \u00a0QG do Ex\u00e9rcito\u201d \u2013 27 NOV.<br \/>\u201c<\/strong>Bolsonarista convida atiradores que tenham armas letais para participar do acampamento e evitar diploma\u00e7\u00e3o de Lula, em 19 de dezembro\u201d\u00a0\u00a0\u00a0\u00a0\u00a0\u00a0\u00a0\u00a0\u00a0\u00a0\u00a0\u00a0\u00a0\u00a0\u00a0\u00a0\u00a0\u00a0\u00a0\u00a0\u00a0\u00a0\u00a0\u00a0\u00a0\u00a0\u00a0\u00a0\u00a0\u00a0\u00a0\u00a0 \u00a0\u00a0\u00a0\u00a0\u00a0\u00a0\u00a0\u00a0\u00a0\u00a0\u00a0\u00a0\u00a0\u00a0\u00a0\u00a0\u00a0\u00a0\u00a0\u00a0\u00a0\u00a0\u00a0\u00a0\u00a0\u00a0\u00a0\u00a0\u00a0\u00a0\u00a0\u00a0\u00a0\u00a0\u00a0\u00a0\u00a0\u00a0\u00a0\u00a0\u00a0\u00a0<\/p><pre><em>Esta \u00e9, a \u201cliberdade de express\u00e3o\u201d apregoada pelos bolsonaristas?<\/em><\/pre><p><strong>\u201cSupremo avisa a Bolsonaro que s\u00f3 contar\u00e1 com boa vontade da corte se parar de insuflar ataques a resultado das urnas\u201d \u2013 29 NOV.<\/strong><\/p><p>\u201c&#8230; Os ministros do Supremo Tribunal Federal disseram a Jair Bolsonaro e seus aliados mais pr\u00f3ximos que se o ocupante do Pal\u00e1cio do Planalto quiser contar com a boa vontade da corte depois de deixar o governo, ele deve parar de insuflar questionamentos sobre o resultado das urnas e atuar para desmobilizar os manifestantes que est\u00e3o aglomerados nas estradas e nas portas dos quart\u00e9is Brasil afora, pedindo interven\u00e7\u00e3o militar &#8230; <em>.\u201d\u00a0 \u00a0<\/em><\/p><pre><em>\u00a0 \u00a0A ser verdade a not\u00edcia, desejo registrar minha opini\u00e3o: \u00a0acho que n\u00e3o cabe a ministros do STF demonstrar boa ou m\u00e1 vontade em rela\u00e7\u00e3o a crimes que ter\u00e3o de julgar. Cabe-lhes simplesmente aplicar a Lei.<\/em><\/pre>\t\t\t\t\t\t\t\t<\/div>\n\t\t\t\t<\/div>\n\t\t\t\t\t<\/div>\n\t\t<\/div>\n\t\t\t\t\t<\/div>\n\t\t<\/section>\n\t\t\t\t<\/div>\n\t\t","protected":false},"excerpt":{"rendered":"<p>Prezados amigos, Esperei a cerim\u00f4nia de diploma\u00e7\u00e3o de Lula, cheia de simbolismo democr\u00e1tico, para voltar\u00a0\u00a0a dirigir-me aos leitores destas colet\u00e2neas. Ainda emocionado com as\u00a0\u00a0significativas falas do futuro presidente e do Alexandre de Moraes, n\u00e3o pretendo comentar o evento, que todos acompanharam, sen\u00e3o ao vivo, pelo menos em apresenta\u00e7\u00f5es posteriores.\u00a0\u00a0Mas voltarei ao dia 12, sim, posteriormente,\u00a0\u00a0para &hellip; <a href=\"http:\/\/desmontedoestado.com\/?p=858\" class=\"more-link\">Continue lendo<span class=\"screen-reader-text\"> &#8220;Desmonte n\u00ba 87&#8221;<\/span><\/a><\/p>\n","protected":false},"author":2,"featured_media":0,"comment_status":"open","ping_status":"open","sticky":false,"template":"","format":"standard","meta":{"footnotes":""},"categories":[3],"tags":[],"class_list":["post-858","post","type-post","status-publish","format-standard","hentry","category-desmontes"],"_links":{"self":[{"href":"http:\/\/desmontedoestado.com\/index.php?rest_route=\/wp\/v2\/posts\/858","targetHints":{"allow":["GET"]}}],"collection":[{"href":"http:\/\/desmontedoestado.com\/index.php?rest_route=\/wp\/v2\/posts"}],"about":[{"href":"http:\/\/desmontedoestado.com\/index.php?rest_route=\/wp\/v2\/types\/post"}],"author":[{"embeddable":true,"href":"http:\/\/desmontedoestado.com\/index.php?rest_route=\/wp\/v2\/users\/2"}],"replies":[{"embeddable":true,"href":"http:\/\/desmontedoestado.com\/index.php?rest_route=%2Fwp%2Fv2%2Fcomments&post=858"}],"version-history":[{"count":10,"href":"http:\/\/desmontedoestado.com\/index.php?rest_route=\/wp\/v2\/posts\/858\/revisions"}],"predecessor-version":[{"id":870,"href":"http:\/\/desmontedoestado.com\/index.php?rest_route=\/wp\/v2\/posts\/858\/revisions\/870"}],"wp:attachment":[{"href":"http:\/\/desmontedoestado.com\/index.php?rest_route=%2Fwp%2Fv2%2Fmedia&parent=858"}],"wp:term":[{"taxonomy":"category","embeddable":true,"href":"http:\/\/desmontedoestado.com\/index.php?rest_route=%2Fwp%2Fv2%2Fcategories&post=858"},{"taxonomy":"post_tag","embeddable":true,"href":"http:\/\/desmontedoestado.com\/index.php?rest_route=%2Fwp%2Fv2%2Ftags&post=858"}],"curies":[{"name":"wp","href":"https:\/\/api.w.org\/{rel}","templated":true}]}}