{"id":873,"date":"2023-02-17T22:52:35","date_gmt":"2023-02-18T01:52:35","guid":{"rendered":"http:\/\/desmontedoestado.com\/?p=873"},"modified":"2024-08-20T10:33:01","modified_gmt":"2024-08-20T13:33:01","slug":"a-reconstrucao-do-pais-n-1","status":"publish","type":"post","link":"http:\/\/desmontedoestado.com\/?p=873","title":{"rendered":"A Reconstru\u00e7\u00e3o do Pa\u00eds n\u00b0 1 &#8211; Preparando o terreno para uma proveitosa colheita"},"content":{"rendered":"\t\t<div data-elementor-type=\"wp-post\" data-elementor-id=\"873\" class=\"elementor elementor-873\">\n\t\t\t\t\t\t<section class=\"elementor-section elementor-top-section elementor-element elementor-element-201d49d elementor-section-boxed elementor-section-height-default elementor-section-height-default\" data-id=\"201d49d\" data-element_type=\"section\" data-e-type=\"section\">\n\t\t\t\t\t\t<div class=\"elementor-container elementor-column-gap-default\">\n\t\t\t\t\t<div class=\"elementor-column elementor-col-100 elementor-top-column elementor-element elementor-element-7a141a2\" data-id=\"7a141a2\" data-element_type=\"column\" data-e-type=\"column\">\n\t\t\t<div class=\"elementor-widget-wrap elementor-element-populated\">\n\t\t\t\t\t\t<div class=\"elementor-element elementor-element-39add42 elementor-widget elementor-widget-text-editor\" data-id=\"39add42\" data-element_type=\"widget\" data-e-type=\"widget\" data-widget_type=\"text-editor.default\">\n\t\t\t\t<div class=\"elementor-widget-container\">\n\t\t\t\t\t\t\t\t\t<p style=\"font-weight: 400;\">Prezados leitores\/amigos,<\/p><p style=\"font-weight: 400;\">Tem in\u00edcio, hoje, uma nova s\u00e9rie (aperi\u00f3dica) denominada, sugestivamente,\u00a0\u00a0\u201c<strong>A Reconstru\u00e7\u00e3o do Pa\u00eds<\/strong>\u201d. \u00c9 impressionante verificar-se a capacidade de destrui\u00e7\u00e3o de pol\u00edticas, procedimentos e pr\u00e1ticas demostrada ao longo dos dois anos de governo Temer, e, mais decisivamente, dos quatro de Bolsonaro. Tais desmandos foram documentados ao longo de 87 n\u00fameros da s\u00e9rie \u201cDesmonte do Estado Brasileiro e da Soberania Nacional\u201d. Sim, de fato o Pa\u00eds assistiu a um verdadeiro Desmonte, at\u00e9 de forma planejada, em certos casos. Nada mais compreens\u00edvel, assim, que a um Desmonte, venha a ocorrer uma ansiada \u201cReconstru\u00e7\u00e3o\u201d.<\/p><p style=\"font-weight: 400;\">Quem teve a paci\u00eancia de aguentar os &#8220;Desmontes &#8230; &#8221; deste modesto escriba, deve lembrar que o\u00a0\u00a0\u00faltimo n\u00ba (o 87) foi datado\u00a013 de dezembro p. p. E at\u00e9 prematuramente,\u00a0 pois n\u00e3o se podia imaginar que, ap\u00f3s a marcante\u00a0\u00a0cerim\u00f4nia de posse de Lula, cheia de emo\u00e7\u00e3o, de simbolismo e\u00a0 &#8230; de p\u00fablico, viesse a ter lugar um vergonhoso dia\u00a0 Oito de Janeiro, a tentativa de golpe de estado que ficar\u00e1 marcada em nossa Hist\u00f3ria, pelos requintes de baderna e terrorismo, com a invas\u00e3o e destrui\u00e7\u00e3o parcial dos\u00a0\u00a0 pal\u00e1cios dos tr\u00eas Poderes, em Bras\u00edlia, s\u00edmbolos de nossas Institui\u00e7\u00f5es maiores. Verdade que, no dia da diploma\u00e7\u00e3o, 12 de dezembro, j\u00e1 foram presenciados alguns atos de selvageria em Bras\u00edlia,\u00a0\u00a0assunto que chegou a\u00a0\u00a0ser objeto de considera\u00e7\u00e3o no Desmonte n\u00ba 87. Mas todos\u00a0\u00a0imaginaram que a barb\u00e1rie ficaria por ai.\u00a0<\/p><p style=\"font-weight: 400;\">Por sorte, no dia 8 n\u00e3o ocorreu nenhuma morte, como no caso do modelo fielmente seguido &#8211; a invas\u00e3o do Capit\u00f3lio, em Washington.<\/p><p style=\"font-weight: 400;\">A meu ver, o planejamento bolsominiano baseava-se na aceita\u00e7\u00e3o, por Lula, de um GLO, ante o vulto da baderna criada e a possibilidade de que atos extremistas\u00a0\u00a0se estendessem\u00a0\u00a0a outros pontos do territ\u00f3rio nacional. Em boa hora, Lula, com seu agu\u00e7ado faro pol\u00edtico, n\u00e3o aceitou a alternativa,\u00a0\u00a0imediatamente considerada e pressurosamente levada ao mandat\u00e1rio maior\u00a0\u00a0pelo ministro M\u00facio &#8230;<\/p><p style=\"font-weight: 400;\">Cabe mencionar que a perspectiva de redigir esta nova s\u00e9rie sobre a \u201cReconstru\u00e7\u00e3o\u00a0\u00a0&#8230;\u201d \u00e9 motivo de muita satisfa\u00e7\u00e3o\u00a0\u00a0quando comparada com a\u00a0\u00a0dos \u201cDesmontes &#8230;\u201d, plena\u00a0\u00a0de relatos de vilezas e atentados ao Estado de Direito e \u00e0 pr\u00f3pria Constitui\u00e7\u00e3o.\u00a0\u00a0Agora, trata-se de alinhar boas not\u00edcias. em prol da recomposi\u00e7\u00e3o de tudo o que foi destru\u00eddo nos quatro (longos) anos da gest\u00e3o Bolsonaro e mais dois do governo Temer.<\/p><p style=\"font-weight: 400;\">As not\u00edcias relacionadas no Anexo visam recordar (mas n\u00e3o exclusivamente)\u00a0\u00a0alguns eventos\u00a0 mais significativos da primeira e mais urgente tarefa do novo governo: a limpeza da \u00e1rea pol\u00edtica e administrativa, com\u00a0 a demiss\u00e3o de grande n\u00famero de militares e de bolsominions de todos os matrizes,<\/p><p style=\"font-weight: 400;\">Ao final, alguns poucos destaques:<\/p><p style=\"font-weight: 400;\"><strong>Enfrentamento com o Banco Central<\/strong><\/p><p style=\"font-weight: 400;\">O enfrentamento de Lula com o presidente do Banco Central, Roberto Campos Neto, pelas raivosas rea\u00e7\u00f5es do \u201cMercado\u201d, deixa claro que o atual governo tocou em \u201cnervo exposto\u201d &#8230; De fato, n\u00e3o inspira confian\u00e7a um presidente do BC que, ainda em janeiro, trocava mensagens em grupo formado por ex-ministros de Bolsonaro. E que usou, em v\u00e1rias ocasi\u00f5es, a camisa da sele\u00e7\u00e3o, deixando claro o seu apoio ao ex-presidente. H\u00e1 fundada suspeita de que a pol\u00edtica do BC em curso, mantendo a taxa de juro mais alta do mundo (13,75% ao ano, ou 8% acima da infla\u00e7\u00e3o, o dobro da segunda, do M\u00e9xico) aliada a uma\u00a0taxa de infla\u00e7\u00e3o muito baixa (3,25%) vise, ao final, prejudicar gravemente a pol\u00edtica desenvolvimentista de Lula e sua bandeira de diminuir a desigualdade social, pela aten\u00e7\u00e3o preferencial aos mais necessitados, sen\u00e3o at\u00e9 mesmo levar o Pa\u00eds a uma recess\u00e3o. Pergunta que n\u00e3o quer calar: \u00e9 cr\u00edvel supor que se cogite de investimento e de cria\u00e7\u00e3o de empregos quando se pode ganhar muito mais gozando o lazer e vivendo do rentismo derivado de juros escorchantes? Um m\u00e9rito j\u00e1 se constata: o assunto, da maior import\u00e2ncia nacional, ganhou os holofotes da opini\u00e3o p\u00fablica, o que n\u00e3o acontecia at\u00e9 ent\u00e3o.<\/p><p style=\"font-weight: 400;\"><strong>O genoc\u00eddio dos yanomanis<\/strong><\/p><p style=\"font-weight: 400;\">\u00c9 ponto pac\u00edfico que, caso Bolsonaro tivesse sido reeleito, a etnia estaria muito seriamente amea\u00e7ada de extin\u00e7\u00e3o, no territ\u00f3rio nacional. Ali\u00e1s, ante tantas evid\u00eancias criminosas j\u00e1 conhecidas,\u00a0\u00a0n\u00e3o h\u00e1 nenhuma\u00a0\u00a0d\u00favida que se configura, no caso, um claro genoc\u00eddio. Ap\u00f3s visita a Roraima, Lula classificou a situa\u00e7\u00e3o dos ind\u00edgenas de \u201cdesumana\u201d: estabeleceu um Comit\u00ea de Coordena\u00e7\u00e3o Nacional para fazer frente \u00e0 situa\u00e7\u00e3o calamitosa da sa\u00fade dos yanomanis e o estado de Emerg\u00eancia em Sa\u00fade P\u00fablica para combater a falta de assist\u00eancia sanit\u00e1ria \u00e0quele povo ind\u00edgena.<\/p><p style=\"font-weight: 400;\"><strong>Pol\u00edtica externa<\/strong><\/p><p style=\"font-weight: 400;\">Impressionante verificar como em apenas cerca de m\u00eas e meio\u00a0\u00a0de governo e t\u00e3o somente duas viagens ao exterior, \u00e0 Argentina e aos EEUU, o Brasil j\u00e1 tenha voltado a assumir, no cen\u00e1rio da pol\u00edtica externa e internacional. o papel geopol\u00edtico de realce que lhe cabe, cuja falta era sentida pela pr\u00f3pria comunidade internacional! O nosso atual presidente, quando no exterior,\u00a0\u00a0n\u00e3o fica mais\u00a0\u00a0conversando apenas com os\u00a0\u00a0gar\u00e7ons (sem desdouro \u00e0 classe) &#8230;<\/p><p style=\"font-weight: 400;\">Abra\u00e7o cordial de<\/p><p style=\"font-weight: 400;\"><strong>Luiz Philippe da Costa Fernandes<\/strong><\/p>\t\t\t\t\t\t\t\t<\/div>\n\t\t\t\t<\/div>\n\t\t\t\t\t<\/div>\n\t\t<\/div>\n\t\t\t\t\t<\/div>\n\t\t<\/section>\n\t\t\t\t<section class=\"elementor-section elementor-top-section elementor-element elementor-element-03b7b3b elementor-section-boxed elementor-section-height-default elementor-section-height-default\" data-id=\"03b7b3b\" data-element_type=\"section\" data-e-type=\"section\">\n\t\t\t\t\t\t<div class=\"elementor-container elementor-column-gap-default\">\n\t\t\t\t\t<div class=\"elementor-column elementor-col-100 elementor-top-column elementor-element elementor-element-35a75e1\" data-id=\"35a75e1\" data-element_type=\"column\" data-e-type=\"column\">\n\t\t\t<div class=\"elementor-widget-wrap elementor-element-populated\">\n\t\t\t\t\t\t<div class=\"elementor-element elementor-element-48ad903 elementor-widget elementor-widget-text-editor\" data-id=\"48ad903\" data-element_type=\"widget\" data-e-type=\"widget\" data-widget_type=\"text-editor.default\">\n\t\t\t\t<div class=\"elementor-widget-container\">\n\t\t\t\t\t\t\t\t\t<p>ARTIGOS DE INTERESSE \u00c0 \u201cRECONSTRU\u00c7\u00c3O &#8230; \u201d N\u00ba 1<\/p><p>&#8211; <strong>\u201cSilvio Almeida exonera militares da Comiss\u00e3o de Anistia, que volta a ter juristas e v\u00edtimas da ditadura\u201d<\/strong> \u2013 18 JAN. <br \/>\u201cEx-ministra, Damares &#8230; desmontou o colegiado com nomes publicamente hostis a qualquer<br \/>iniciativa de repara\u00e7\u00e3o ou mem\u00f3ria \u00e0s v\u00edtimas da ditadura.\u201d<\/p><p>&#8211; &#8220;<strong>Lula atuou com firmeza diante de &#8216;insubordina\u00e7\u00e3o inadmiss\u00edvel&#8217; de ex-comandante do Ex\u00e9rcito, diz Gleisi&#8221;<\/strong>; \u2013 21\u00a0 JAN. <br \/>O presidente Lula atuou mais uma vez com firmeza para garantir a CF e as prerrogativas de comandante das For\u00e7as Armadas.&#8221;;<\/p><p>&#8211; <strong>\u201cLula exonera comandante do Ex\u00e9rcito em meio \u00e0 crise de confian\u00e7a\u201d<\/strong> \u2013 21 JAN.<br \/>\u201cDemiss\u00e3o acontece um dia ap\u00f3s reportagem do Metr\u00f3poles revelar que ex-ajudante de ordens de Bolsonaro operava esp\u00e9cie de caixa 2 no Pal\u00e1cio.\u201d<\/p><p>&#8211; \u201c<strong>Lula demite coordenadores de sa\u00fade ind\u00edgena em meio \u00e0 crise dos yanomamis<\/strong>\u201d \u2013 23 JAN.<\/p><p>&#8211; \u201c<strong>Lula exonera mais nove servidores que foram nomeados por Bolsonaro<\/strong>\u201d \u2013 23 JAN. <br \/>\u201cCinco s\u00e3o militares. Segundo o ministro Rui<br \/>Costa, as trocas ser\u00e3o intensificadas a partir de hoje: \u2018ainda tem muita gente para sair &#8230; .\u2019<\/p><p>&#8211; <strong>\u201cLula e Fern\u00e1ndez assinam declara\u00e7\u00e3o conjunta que menciona \u2018criar moeda de circula\u00e7\u00e3o sul-americana\u2019; \u2013 23 JAN.<\/strong> <br \/>\u201cObjetivo \u00e9 \u2018potencializar o com\u00e9rcio e a integra\u00e7\u00e3o produtiva regional e aumentar a resili\u00eancia a choques internacionais\u2019.\u201d<\/p><p>&#8211; \u201c<strong>Governo dispensa 11 gestores de sa\u00fade ind\u00edgena e 43 chefes regionais e nacionais da Funai<\/strong>\u201d \u2013 24 JAN.<br \/>\u201cNo s\u00e1bado, Lula prometeu mudar pol\u00edtica nacional e apurar responsabilidades do governo anterior.\u201d<\/p><p>&#8211; \u201c<strong>O novo Lula dobra apostas em todas as disputas para p\u00f4r a bola no seu campo<\/strong>\u201d \u2013 24 JAN. <br \/>\u201cDobrou contra os v\u00e2ndalos, contra os militares, no<br \/>an\u00fancio do &#8216;mecanismo&#8217; comercial do Mercosul e dobrou no caso da Venezuela e Cuba.&#8221;<br \/>&#8211; &#8220;&#8216;<strong>Bem-vindo de volta ao palco mundial&#8217;: revista <em>World Finance <\/em>estampa Lula na capa e volta do Brasil ao mundo<\/strong>\u201d \u2013 25 JAN.<br \/>\u201cReconstruir o Brasil ser\u00e1 um desafio de propor\u00e7\u00f5es imensas \u2013 mas pode ser apenas a luta para a qual Lula passou toda a sua carreira se preparando&#8217;,<br \/>diz a revista.\u201d<\/p><p>&#8211; \u201c<strong>31 a\u00e7\u00f5es que marcaram o primeiro m\u00eas do novo governo Lula: Socorro ao povo ianom\u00e2mi, pagamento do Bolsa Fam\u00edlia de R$ 600, retomada das a\u00e7\u00f5es de preserva\u00e7\u00e3o ambiental e di\u00e1logo com a classe <\/strong><strong>trabalhadora est\u00e3o entre as medidas adotada<\/strong>s\u201d \u2013 29 JAN.<\/p><p>&#8211; \u201c<strong>Lula determina combate ao tr\u00e1fego a\u00e9reo e fluvial de garimpo ilegal no territ\u00f3rio yanomami\u201d<\/strong> \u2013 30 JAN.<br \/>\u201cVia a\u00e9rea \u00e9 a principal rota de acesso aos garimpos ilegais; criminosos, inclusive, j\u00e1 sequestraram pistas<br \/>de pouso oficiais na regi\u00e3o e possuem rotas de tr\u00e1fego na Venezuela.\u201d<br \/>&#8211; \u201c<strong>Lula segue &amp;#39;desbolsonariza\u00e7\u00e3o&amp;#39; do Itamaraty e \u00f3rg\u00e3os p\u00fablicos e veta 18 indica\u00e7\u00f5es de Bolsonaro<\/strong>\u201d \u2013 31 JAN.<\/p><p>&#8211; \u201c<strong>Para afastar bolsonaristas, Lula demitiu mais de 150 militares do governo\u201d<\/strong> \u2013 03 FEV. <br \/>\u201cGoverno Lula j\u00e1 demitiu mais de 150 militares de<br \/>cargos comissionados Uma marca dos primeiros 30 dias do terceiro mandato do &#8230; Lula &#8230; foi a de exonera\u00e7\u00f5es. <strong>S\u00e3o mais de 1.200 servidores\u00a0<\/strong><strong>demitidos do governo federal desde 1\u00ba de janeiro de 2023<\/strong> [grifo meu]. A maioria ocupava cargos comissionados na gest\u00e3o de Jair Bolsonaro (PL), sendo ao menos 155 militares &#8230; \u201c<\/p><p>-\u201c<strong>Lula diz que governo voltar\u00e1 a construir navios e investir na cadeia de \u00f3leo e g\u00e1s no Rio de Janeiro<\/strong>\u201d \u2013 06 FEV.<\/p><p>-\u201c<strong>Lula demite indicados por Bolsonaro para o Comit\u00ea de \u00c9tica P\u00fablica<\/strong>.\u201d \u2013 07 FEV.<\/p><p>&#8211; \u201cE<strong>letrobr\u00e1s: a pedido de Lula, AGU questionar\u00e1 itens abusivos da privatiza\u00e7\u00e3o<\/strong>\u201d \u2013 08 FEV.<br \/>\u201cEntre as cl\u00e1usulas &#8230; questionadas na Justi\u00e7a, est\u00e3o as que for\u00e7am o governo a pagar o triplo do valor das a\u00e7\u00f5es caso decida, no futuro, retomar o controle da empresa.\u201d<\/p><p>&#8211; \u201c<strong>Casa Civil confirma incorpora\u00e7\u00e3o da Abin<\/strong>\u201d \u2013 11 FEV. <br \/>\u201c\u00d3rg\u00e3o de intelig\u00eancia sai da esfera do GSI e passa para o comando do minist\u00e9rio de Rui Costa;\u201d<br \/>&#8211; &#8220;&#8216;<strong>Relan\u00e7ar o Minha Casa, Minha Vida tamb\u00e9m simboliza a reconstru\u00e7\u00e3o deste Pa\u00eds\u2019, diz Lula<\/strong>\u201d \u2013 14 FEV. <br \/>\u201c &#8230; Lula &#8230; participa, nesta ter\u00e7a-feira (14), da entrega de 2.745 unidades do programa habitacional no munic\u00edpio baiano de Santo Amaro.\u201d<\/p>\t\t\t\t\t\t\t\t<\/div>\n\t\t\t\t<\/div>\n\t\t\t\t\t<\/div>\n\t\t<\/div>\n\t\t\t\t\t<\/div>\n\t\t<\/section>\n\t\t\t\t<\/div>\n\t\t","protected":false},"excerpt":{"rendered":"<p>Prezados leitores\/amigos, Tem in\u00edcio, hoje, uma nova s\u00e9rie (aperi\u00f3dica) denominada, sugestivamente,&nbsp;&nbsp;\u201cA Reconstru\u00e7\u00e3o do Pa\u00eds\u201d. \u00c9 impressionante verificar-se a capacidade de destrui\u00e7\u00e3o de pol\u00edticas, procedimentos e pr\u00e1ticas demostrada ao longo dos dois anos de governo Temer, e, mais decisivamente, dos quatro de Bolsonaro. Tais desmandos foram documentados ao longo de 87 n\u00fameros da s\u00e9rie \u201cDesmonte do &hellip; <a href=\"http:\/\/desmontedoestado.com\/?p=873\" class=\"more-link\">Continue lendo<span class=\"screen-reader-text\"> &#8220;A Reconstru\u00e7\u00e3o do Pa\u00eds n\u00b0 1 &#8211; Preparando o terreno para uma proveitosa colheita&#8221;<\/span><\/a><\/p>\n","protected":false},"author":2,"featured_media":0,"comment_status":"open","ping_status":"open","sticky":false,"template":"","format":"standard","meta":{"footnotes":""},"categories":[15],"tags":[],"class_list":["post-873","post","type-post","status-publish","format-standard","hentry","category-reconstrucao-do-pais"],"_links":{"self":[{"href":"http:\/\/desmontedoestado.com\/index.php?rest_route=\/wp\/v2\/posts\/873","targetHints":{"allow":["GET"]}}],"collection":[{"href":"http:\/\/desmontedoestado.com\/index.php?rest_route=\/wp\/v2\/posts"}],"about":[{"href":"http:\/\/desmontedoestado.com\/index.php?rest_route=\/wp\/v2\/types\/post"}],"author":[{"embeddable":true,"href":"http:\/\/desmontedoestado.com\/index.php?rest_route=\/wp\/v2\/users\/2"}],"replies":[{"embeddable":true,"href":"http:\/\/desmontedoestado.com\/index.php?rest_route=%2Fwp%2Fv2%2Fcomments&post=873"}],"version-history":[{"count":5,"href":"http:\/\/desmontedoestado.com\/index.php?rest_route=\/wp\/v2\/posts\/873\/revisions"}],"predecessor-version":[{"id":892,"href":"http:\/\/desmontedoestado.com\/index.php?rest_route=\/wp\/v2\/posts\/873\/revisions\/892"}],"wp:attachment":[{"href":"http:\/\/desmontedoestado.com\/index.php?rest_route=%2Fwp%2Fv2%2Fmedia&parent=873"}],"wp:term":[{"taxonomy":"category","embeddable":true,"href":"http:\/\/desmontedoestado.com\/index.php?rest_route=%2Fwp%2Fv2%2Fcategories&post=873"},{"taxonomy":"post_tag","embeddable":true,"href":"http:\/\/desmontedoestado.com\/index.php?rest_route=%2Fwp%2Fv2%2Ftags&post=873"}],"curies":[{"name":"wp","href":"https:\/\/api.w.org\/{rel}","templated":true}]}}