{"id":964,"date":"2024-08-17T11:54:16","date_gmt":"2024-08-17T14:54:16","guid":{"rendered":"https:\/\/desmontedoestado.com\/?p=964"},"modified":"2024-08-17T11:56:30","modified_gmt":"2024-08-17T14:56:30","slug":"a-reconstrucao-do-pais-no-6-um-janeiro-movimentado","status":"publish","type":"post","link":"http:\/\/desmontedoestado.com\/?p=964","title":{"rendered":"A Reconstru\u00e7\u00e3o do Pa\u00eds n\u00ba 6 &#8211; Um janeiro movimentado \u2026"},"content":{"rendered":"\t\t<div data-elementor-type=\"wp-post\" data-elementor-id=\"964\" class=\"elementor elementor-964\">\n\t\t\t\t\t\t<section class=\"elementor-section elementor-top-section elementor-element elementor-element-abb841a elementor-section-boxed elementor-section-height-default elementor-section-height-default\" data-id=\"abb841a\" data-element_type=\"section\" data-e-type=\"section\">\n\t\t\t\t\t\t<div class=\"elementor-container elementor-column-gap-default\">\n\t\t\t\t\t<div class=\"elementor-column elementor-col-100 elementor-top-column elementor-element elementor-element-7275475\" data-id=\"7275475\" data-element_type=\"column\" data-e-type=\"column\">\n\t\t\t<div class=\"elementor-widget-wrap elementor-element-populated\">\n\t\t\t\t\t\t<div class=\"elementor-element elementor-element-a1e19af elementor-widget elementor-widget-text-editor\" data-id=\"a1e19af\" data-element_type=\"widget\" data-e-type=\"widget\" data-widget_type=\"text-editor.default\">\n\t\t\t\t<div class=\"elementor-widget-container\">\n\t\t\t\t\t\t\t\t\t<p>Ao iniciar as presentes \u201cReconstru\u00e7\u00f5es &#8230; \u201c contava enviar as mensagens da s\u00e9rie a intervalos trimestrais e n\u00e3o mais mensais, como na s\u00e9rie anterior \u2013 os \u201cDesmontes do Estado Brasileiro e da Soberania Nacional\u201d, que teve 87 edi\u00e7\u00f5es (em desmonte.net). De fato, \u00e9 sempre mais lento reconstruir (Lula) do que destruir (Temer &amp; Bolsonaro). Ocorre que o m\u00eas de janeiro passado foi t\u00e3o pr\u00f3digo em not\u00edcias importantes, que acabei selecionando, apenas em tal per\u00edodo, um consider\u00e1vel volume de informa\u00e7\u00f5es. Resolvi, assim antecipar a presente \u201cReconstru\u00e7\u00e3o\u201d.<\/p><p>De fato, como pode ser observado no Anexo, janeiro marcou a revaloriza\u00e7\u00e3o do Pa\u00eds no cen\u00e1rio externo; a aprova\u00e7\u00e3o da importante Reforma Tribut\u00e1ria, que vinha se arrastando h\u00e1 d\u00e9cadas; a retomada das obras da Refinaria Abreu Lima (ap\u00f3s nove anos); o recompletamento do funcionalismo p\u00fablico,, que minguava por falta de novas contrata\u00e7\u00f5es, h\u00e1 seis anos; o lan\u00e7amento de nova pol\u00edtica visando a reindustrializa\u00e7\u00e3o do Pa\u00eds, que deu margem a forte rea\u00e7\u00e3o da m\u00eddia mais ligada ao Mercado e aos interesses externos (Globo, Folha e Estad\u00e3o); o relevant\u00edssimo papel do \u201cnovo\u201d BNDES, sob a presid\u00eancia de Mercadante, em prol do ressurgimento da ind\u00fastria naval e da descarboniza\u00e7\u00e3o da frota; e inclui, ainda, benef\u00edcios aos estudantes do ensino m\u00e9dio, visando frear o preocupante n\u00edvel de evas\u00e3o escolar em tal fase escolar. \u201cPrato cheio\u201d, n\u00e3o \u00e9 verdade?<\/p><p>Se o m\u00eas de janeiro passado foi considerado \u201cmovimentado\u201d, \u00e9 de se esperar maior movimenta\u00e7\u00e3o ainda no m\u00eas em curso que, n\u00e3o obstante os dias perdidos de carnaval, registrou, entre outros assuntos, a crise diplom\u00e1tica estabelecida ap\u00f3s a men\u00e7\u00e3o, feita por Lula, ap\u00f3s referir-se \u00e0 situa\u00e7\u00e3o em Gaza, \u00e0 situa\u00e7\u00e3o \u201cque existiu quando Hitler resolveu matar os judeus\u201d. Maiores coment\u00e1rios constar\u00e3o da pr\u00f3xima \u201cReconstru\u00e7\u00e3o, valendo apenas assinalar, aqui, que a exacerba\u00e7\u00e3o diplom\u00e1tica entre Brasil e Israel acabou atendendo a prop\u00f3sito da fala de Lula, a saber, voltar a aten\u00e7\u00e3o do mundo para o massacre que se anuncia em Rafah, ao sul de Gaza. L\u00e1, ora se concentram, tangidos por Israel, mais de dois milh\u00f5es de palestinos, na maioria mulheres e crian\u00e7as. Segundo a Universidade Johns Hopkins, caso se efetive a invas\u00e3o armada da \u00e1rea, com a continua\u00e7\u00e3o dos bombardeios a\u00e9reos, morrer\u00e3o cerca de 260 mil palestinos, se a escalada genocida estender-se por mais seis meses. Certo, h\u00e1 que considerar-se o brutal atentado terrorista do Hamas, que vitimou mais de mil judeus mas, como indicado, a quest\u00e3o ser\u00e1 devidamente abordada em ocasi\u00e3o posterior. Considere-se, ainda, a descoberta de que uma ala pr\u00f3xima a Bolsonaro considerava a possibilidade de a\u00e7\u00f5es armadas como parte do pretendido golpe, para o que contaria com a a\u00e7\u00e3o dos bem armados e municiados CACs, E existem, ainda, os eventuais desdobramentos advindos dos depoimentos, \u00e0 Pol\u00edcia Federal, de 22 pessoas mais diretamente envolvidas na tentativa de golpe, inclu\u00eddo o pr\u00f3prio Bolsonaro, e o com\u00edcio golpista marcado para o pr\u00f3ximo dia 25. N\u00e3o, n\u00e3o se morre de t\u00e9dio no Brasil &#8230;<\/p><p>Abra\u00e7o do Luiz Philippe da Costa Fernandes<\/p>\t\t\t\t\t\t\t\t<\/div>\n\t\t\t\t<\/div>\n\t\t\t\t\t<\/div>\n\t\t<\/div>\n\t\t\t\t\t<\/div>\n\t\t<\/section>\n\t\t\t\t<section class=\"elementor-section elementor-top-section elementor-element elementor-element-47fce59 elementor-section-boxed elementor-section-height-default elementor-section-height-default\" data-id=\"47fce59\" data-element_type=\"section\" data-e-type=\"section\">\n\t\t\t\t\t\t<div class=\"elementor-container elementor-column-gap-default\">\n\t\t\t\t\t<div class=\"elementor-column elementor-col-100 elementor-top-column elementor-element elementor-element-9d407ab\" data-id=\"9d407ab\" data-element_type=\"column\" data-e-type=\"column\">\n\t\t\t<div class=\"elementor-widget-wrap elementor-element-populated\">\n\t\t\t\t\t\t<div class=\"elementor-element elementor-element-9c113df elementor-widget elementor-widget-text-editor\" data-id=\"9c113df\" data-element_type=\"widget\" data-e-type=\"widget\" data-widget_type=\"text-editor.default\">\n\t\t\t\t<div class=\"elementor-widget-container\">\n\t\t\t\t\t\t\t\t\t<h3>ARTIGOS DE INTERESSE \u00c0 \u201cRECONSTRU\u00c7\u00c3O DO PA\u00cdS \u201d N\u00ba 6<\/h3><p>&#8211; <strong>\u201c2023, o ano em que o Brasil voltou ao centro do palco internacional &#8230;\u201d \u2013 31 DEZ\/2024.<\/strong><\/p><p>\u201cA volta do presidente Lula ao poder marcou o retorno do Brasil \u00e0 cena internacional como um dos principais protagonistas globais. Um v\u00eddeo divulgado na noite deste \u00faltimo dia de 2023 &#8230; , revela como foram importantes as viagens internacionais do presidente &#8230; Lula . No ano que se encerra, Lula se encontrou com os principais l\u00edderes globais, assumiu a presid\u00eancia do G20, retomou parcerias com os Estados Unidos, a China, a Uni\u00e3o Europeia, os pa\u00edses \u00e1rabes, a Am\u00e9rica Latina e os pa\u00edses africanos. Tais viagens se refletiram em grandes investimentos no Brasil. Al\u00e9m disso, o Brasil se tornou um dos principais atores do\u00a0 BRICS, que, a partir de 2024, ser\u00e3o um grupo ampliado, com mais cinco pa\u00edses. Em suas viagens, Lula tamb\u00e9m assumiu o compromisso de lutar contra a fome e a desigualdade. Tais viagens foram fundamentais para resgatar o prest\u00edgio do Brasil, depois dos anos Temer-Bolsonaro, em que o Pa\u00eds foi um p\u00e1ria global. &#8230;\u201d.<\/p><p><strong>&#8211; \u201cSuper\u00e1vit comercial brasileiro bate recorde em 2023\u201d \u2013 02 JAN\/2024.<\/strong><br \/>\u201c. &#8230; O desempenho robusto dos setores de petr\u00f3leo, min\u00e9rio e do agroneg\u00f3cio pavimentou o caminho para um excedente comercial que saltou ao longo da \u00faltima d\u00e9cada, passando a diferenciar o Brasil<br \/>dos seus pares regionais. No entanto, o super\u00e1vit do ano passado cresceu mais de 50% em rela\u00e7\u00e3o a 2022, para quase 100 bilh\u00f5es de d\u00f3lares, em grande parte devido a uma queda de 12% nas importa\u00e7\u00f5es, uma vez que o valor das exporta\u00e7\u00f5es ficou quase est\u00e1vel. De um lado, a exporta\u00e7\u00e3o est\u00e1 sendo sustentada pelos volumes mais altos, e \u00e9 dif\u00edcil manter esse ritmo de crescimento indefinidamente. ; Na medida em que a taxa de investimento no Brasil come\u00e7ar a crescer, a importa\u00e7\u00e3o tamb\u00e9m dever\u00e1 crescer&#8221;.<\/p><p><strong>&#8211; \u201cLula, 1 ano de reconstru\u00e7\u00e3o: Reginaldo Lopes explica a reforma tribut\u00e1ria\u201d \u2013 05 JAN\/2024.<\/strong><br \/>\u201cGra\u00e7as ao governo Lula e ao PT, o Brasil ganhou em 2023 uma legisla\u00e7\u00e3o moderna que far\u00e1 o pobre pagar menos impostos e ainda ajudar\u00e1 a ind\u00fastria nacional a ser mais competitiva, Cesta b\u00e1sica com imposto zero \u00e9 um dos benef\u00edcios que a reforma tribut\u00e1ria vai trazer. &#8230; 2023 ser\u00e1 lembrado na hist\u00f3ria como o ano em que o Brasil aprovou sua nova reforma tribut\u00e1ria. A medida \u00e9 importante porque tornar\u00e1 a cobran\u00e7a de impostos mais justa (quem ganha menos pagar\u00e1 menos) e far\u00e1 com que seja mais barato produzir no pa\u00eds, tornando a ind\u00fastria nacional mais competitiva&#8230;. [devido a] simplifica\u00e7\u00e3o dos impostos e do fim da taxa\u00e7\u00e3o em cascata. Lopes afirmou que nosso sistema atual gera muito custo. Com isso, &#8230; os produtos nacionais perderam espa\u00e7o no mercado interno, porque bens importados chegam a ser mais baratos. Com a reforma tribut\u00e1ria, o Brasil poder\u00e1 voltar a exportar produtos de valor agregado. Isso significa milh\u00f5es de empregos, bilh\u00f5es de arrecada\u00e7\u00e3o e trilh\u00f5es de PIB, melhorando a renda per capita do povo brasileiro, eu acredito, em R$ 6 mil por ano\u201d, antecipou. &#8230; todas as regras s\u00f3 [entram] em vigor, em 2033,[mas] os efeitos da reforma j\u00e1 podem ser sentidos.\u201d<\/p><pre>Cabe acentuar que o Pa\u00eds esperava tal reforma desde a redemocratiza\u00e7\u00e3o!<\/pre><p><strong>\u201cLula vai a Pernambuco assinar retomada de obras estrat\u00e9gicas na Refinaria Abreu e Lima\u201d \u2013 17 JAN\/2024.<\/strong> <br \/>\u201c. &#8230; Lula &#8230; vai anunciar a retomada das obras da Refinaria Abreu e<br \/>Lima (Rnest), empreendimento que recebeu cerca de R$ 66,5 bilh\u00f5es em investimento de 2005 a 2015. Segundo a Petrobr\u00e1s, a Rnest deve ampliar &#8230; em 13 milh\u00f5es de litros di\u00e1rios a produ\u00e7\u00e3o de diesel S10 com baixo teor de enxofre.[e gerar] at\u00e9 30 mil empregos &#8230; at\u00e9 2028<br \/>&#8230; . Lula tamb\u00e9m anunciar\u00e1 a retomada de investimentos em parques tecnol\u00f3gicos com aportes que somam R$ 700 milh\u00f5es &#8211; R$ 650 milh\u00f5es no Parque Tecnol\u00f3gico Aeroespacial da Bahia de iniciativas privadas, estaduais e federais, e R$ 50 milh\u00f5es no Instituto<br \/>Tecnol\u00f3gico de Aeron\u00e1utica (ITA) do Cear\u00e1. A previs\u00e3o \u00e9 de que as opera\u00e7\u00f5es em solo baiano tenham in\u00edcio em 2025. No ITA, a estimativa \u00e9 que os investimentos sejam aplicados a partir deste semestre &#8230; \u201c.<\/p><p>\u201c<strong>Estad\u00e3o protesta contra refinaria que vai gerar 30 mil empregos e tornar o Brasil autossuficiente em diesel\u201d \u2013 18 JAN\/2024.&#8221;<\/strong><br \/>\u201cInimigo do desenvolvimento nacional, o jornal defende um Brasil colonial e dependente da importa\u00e7\u00e3o de derivados de petr\u00f3leo. .. , o jornal critica a iniciativa do governo Lula que vai gerar 30 mil empregos diretos e indiretos e poder\u00e1 tornar o Brasil autossuficiente na produ\u00e7\u00e3o de diesel&#8221;. O Brasil que est\u00e1 de volta \u00e9 o Brasil que jamais deveria ter voltado&#8221;, diz o texto, antes de chamar de &#8216;delirante&#8217;; o que j\u00e1 se comprovou por diversas vezes ser a verdade sobre a hist\u00f3ria recente do Brasil: com apoio dos Estados Unidos, a Opera\u00e7\u00e3o Lava Jato destruiu empresas brasileiras, notadamente o setor da constru\u00e7\u00e3o, e minou a Petrobr\u00e1s, sabotando os planos da companhia de garantir a autossufici\u00eancia brasileira em combust\u00edveis e de se tornar exportadora de derivados de petr\u00f3leo. O Estado de S. Paulo tamb\u00e9m ataca o governo Lula e a Petrobr\u00e1s por investirem em uma refinaria &#8230; [mas] oculta a informa\u00e7\u00e3o de que os novos projetos da Petrobr\u00e1s contam com olhar estrat\u00e9gico sobre a transi\u00e7\u00e3o energ\u00e9tica. Assim, a amplia\u00e7\u00e3o da Refinaria Abreu e Lima permitir\u00e1 que o local produza diesel de origem vegetal&#8221;.<\/p><p>-.<strong> \u201cGoverno amplia funcionalismo pela 1\u00aa vez em 6 anos \u2013 19 JAN\/2024<br \/><\/strong>\u201dAumento discreto, de 1%, indica revers\u00e3o de tend\u00eancia de n\u00e3o reposi\u00e7\u00e3o de aposentados dos \u00faltimos anos O governo federal terminou o ano de 2023 com 572 mil funcion\u00e1rios p\u00fablicos civis, indicam dados atualizados &#8230; . S\u00e3o 6.874 funcion\u00e1rios a mais em rela\u00e7\u00e3o a dezembro de 2022. &#8230; os maiores ingressos de funcion\u00e1rios p\u00fablicos no ano passado foram em institutos federais de ensino superior (mais de 23.000 contratados) e no Minist\u00e9rio da Sa\u00fade. &#8230;[no] Ptograma Mais M\u00e9dicos. Passaram de 8.879 em dezembro de 2022 para 20.127 em dezembro de \/2023 &#8230; . o Estado Brasileiro tinha 11,3 milh\u00f5es de funcion\u00e1rios no servi\u00e7o p\u00fablico em 2021, de<br \/>acordo com dados da PNAD. O n\u00famero n\u00e3o \u00e9 considerado alto. \u00c9 metade da m\u00e9dia de 24,5% dos pa\u00edses da OCDE (Organiza\u00e7\u00e3o para Coopera\u00e7\u00e3o e Desenvolvimento Econ\u00f4mico).<br \/>&#8230; percentual de alguns pa\u00edses: Dinamarca \u2013 30,2%; Su\u00e9cia \u2013 29,3%; Fran\u00e7a \u2013 20,3%; Argentina \u2013 19,3%; Uruguai \u2013 16,9%; EUA \u2013 13,6%; Chile \u2013 13,1%; M\u00e9xico \u2013 12,2%; Peru \u2013 8&#8230; . A diretora da Rep\u00fablica.org elogia o modelo de concurso unificado, o chamado<br \/>\u201cEnem dos Concursos\u201d, que deve ofertar 6.640 vagas neste ano.\u201d<\/p><pre>O artigo completo apresenta muitos subs\u00eddios importantes para a correta avalia\u00e7\u00e3o da quest\u00e3o do \u201ctamanho do Estado\u201d.<\/pre><p><strong>&#8211; \u201cGlobo ataca Lula, Petrobras e a retomada do desenvolvimento econ\u00f4mico no Brasil\u201d<\/strong> &#8211; 20 JAN\/2024. <br \/>\u201cEm editorial, jornal critica retomada da refinaria que vai gerar 30 mil empregos, tornar o Brasil autossuficiente em diesel e faturar US$ 100 bilh\u00f5es por ano.\u201d<\/p><p><strong>&#8211; \u201cFolha se soma \u00e0 campanha contra o desenvolvimento, atacando Lula, refinaria, pol\u00edtica industrial e Mantega\u201d \u2013 21 JAN\/2024.<\/strong> \u201cAssim como Globo e Estad\u00e3o, jornal tamb\u00e9m mergulhou na campanha contra a acelera\u00e7\u00e3o do desenvolvimento econ\u00f4mico. \u00a0<br \/>Em editorial publicado neste domingo, o jornal paulista mergulhou de cabe\u00e7a na histeria do anti-desenvolvimento. &#8230;\u201d.<\/p><p>\u201c<strong>Pimenta denuncia a a\u00e7\u00e3o articulada da m\u00eddia corporativa contra a soberania nacional<\/strong>\u201d \u2013 21 JAN\/2024.<br \/>\u201c\u2018S\u00e3o porta-vozes do grande capital financeiro e especulativo que<br \/>lucram com governos e Estados fracos\u2019, diz o ministro da Secretaria de Comunica\u00e7\u00e3o Social. &#8230; , Paulo Pimenta [que] , usou as redes sociais para denunciar a articula\u00e7\u00e3o conjunta da m\u00eddia corporativa contra os projetos do governo do presidente &#8230; Lula &#8230; de retomar o controle da pol\u00edtica energ\u00e9tica, com destaque para os setores de petr\u00f3leo e g\u00e1s, e para blindar o fracasso das privatiza\u00e7\u00f5es do setor el\u00e9trico nacional. \u2018Dois fatos chamam aten\u00e7\u00e3o pela sincronia e articula\u00e7\u00e3o da grande m\u00eddia corporativa: 1) um discurso contra qualquer tentativa soberana do Brasil retomar o controle de sua pol\u00edtica energ\u00e9tica em especial na \u00e1rea de petr\u00f3leo e g\u00e1s. 2) uma tentativa de blindar o fracasso das privatiza\u00e7\u00f5es como medidas<br \/>modernas e eficientes para garantir gest\u00e3o, investimentos e qualidade no atendimento dos usu\u00e1rios dos servi\u00e7os das companhias de energia el\u00e9trica\u2019, postou Pimenta &#8230; . \u00a0A postagem faz refer\u00eancia aos editoriais dos jornais O Globo, Folha de S. Paulo e O Estado de S. Paulo dos \u00faltimos dias com ataques aos projetos do governo Lula para o desenvolvimento da economia nacional &#8230; \u201c<\/p><p>&#8211;<strong>\u201cO recado do Imp\u00e9rio, por meio da m\u00eddia, a Lula foi claro: n\u00e3o ouse desenvolver o Brasil\u201d \u2013 21 Jan\/2024<\/strong>. <br \/>\u201c\u2019A gritaria despertada pela decis\u00e3o \u00f3bvia de refinar no Brasil o petr\u00f3leo brasileiro revela que a guerra h\u00edbrida ainda n\u00e3o acabou\u2019, escreve Leonardo Attuch. Bastou o presidente &#8230;Lula &#8230; e o presidente da Petrobras, &#8230; anunciarem a retomada das obras da Refinaria Abreu e Lima, em Pernambuco, para que todas as m\u00e1scaras ca\u00edssem. &#8230; Num pa\u00eds ainda colonizado, a imprensa corporativa atua como uma for\u00e7a que sabota o desenvolvimento nacional. Os editoriais da m\u00eddia corporativa deste fim de semana deixam claro que a guerra h\u00edbrida contra o Brasil n\u00e3o acabou e ser\u00e1 necess\u00e1rio enfrentar, com vigor,<br \/>todas as for\u00e7as que se op\u00f5em \u00e0 reconstru\u00e7\u00e3o nacional. \u00c9 preciso informar e educar a popula\u00e7\u00e3o brasileira sobre o que est\u00e1 curso para que n\u00e3o sejamos surpreendidos por um novo golpe, que teria mais uma vez como cerne a quest\u00e3o do petr\u00f3leo.\u201d<\/p><p><strong>\u201cPimenta denuncia a a\u00e7\u00e3o articulada da m\u00eddia corporativa contra a soberania nacional\u201d \u2013 21 JAN\/2924<\/strong>.<br \/>&#8230; o ministro da Secretaria de Comunica\u00e7\u00e3o Social &#8230; Paulo Pimenta<br \/>usou as redes sociais para denunciar a articula\u00e7\u00e3o conjunta da m\u00eddia corporativa contra os projetos do governo do presidente ,,, Lula, de retomar o controle da pol\u00edtica energ\u00e9tica, com destaque para os setores de petr\u00f3leo e g\u00e1s, e para blindar o fracasso das privatiza\u00e7\u00f5es do setor el\u00e9trico nacional. &#8230;. \u2018Dois temas que revelam uma mesma l\u00f3gica. S\u00e3o porta-vozes do grande capital financeiro e especulativo que lucram com governos e Estados fracos. S\u00e3o os que enriquecem ainda mais se apropriando do patrim\u00f4nio do povo para presta\u00e7\u00e3o de servi\u00e7os de baixa qualidade, caros e que lucram inclusive com importa\u00e7\u00e3o de combust\u00edveis. Os editoriais e os comentaristas de plant\u00e3o representam a voz do capital que \u00a0financia seus ve\u00edculos de imprensa e exigem defesa diante do indefens\u00e1vel\u2019, completou. A postagem faz refer\u00eancia aos editoriais dos jornais O Globo, Folha de S. Paulo e O Estado de S. Paulo dos \u00faltimos dias com ataques aos projetos do governo Lula para o desenvolvimento da economia<br \/>nacional, que focam na retomada dos investimentos em refino do petr\u00f3leo brasileiro e de fontes de energia renov\u00e1vel pela Petrobr\u00e1s.\u201d.<\/p><p>&#8211; \u201c<strong>Desmatamento em \u00e1reas protegidas da Amaz\u00f4nia cai 73% em 2023\u201d \u2013 23 JAN\/2024<\/strong>&#8220;. <br \/>\u201c O desmatamento em \u00e1reas protegidas da Amaz\u00f4nia caiu quase quatro vezes (73%) em 2023, na compara\u00e7\u00e3o com 2022. Segundo levantamento divulgado pelo Instituto do Homem e Meio Ambiente da Amaz\u00f4nia (Imazon), em 2023, a devasta\u00e7\u00e3o em terras ind\u00edgenas e unidades de conserva\u00e7\u00e3o localizadas na regi\u00e3o atingiu 386 km\u00b2. Trata-se do menor \u00edndice desde 2013 quando foram desmatados 178 km\u00b2&#8230;.\u201d.<\/p><p><strong>&#8211; \u201cGlobo se posiciona contra o desenvolvimento da economia brasileira\u201d \u2013 23 JAN\/2024.<\/strong> <br \/>\u201c O jornal O Globo, que j\u00e1 havia se posicionado contra a retomada das obras da Refinaria Abreu e Lima, voltou a se colocar contra a retomada do desenvolvimento econ\u00f4mico no Brasil. Em editorial publicado nesta ter\u00e7a-feira, o jornal ataca a pol\u00edtica industrial lan\u00e7ada pelo governo do presidente Luiz In\u00e1cio Lula da Silva e diz que nem mesmo o fato de o mundo estar investindo em reindustrializa\u00e7\u00e3o justifica que o Brasil fa\u00e7a o mesmo. &#8230; \u2018O governo<br \/>abriu ontem mais um cap\u00edtulo na longa hist\u00f3ria das pol\u00edticas industriais brasileiras. &#8230;. e prev\u00ea financiamentos da ordem de R$ 300 bilh\u00f5es at\u00e9 2026, a maior parte do BND\u2018ES. \u00c9<br \/>verdade que o mundo tem sido palco de uma nova onda de a\u00e7\u00f5es governamentais para reavivar a ind\u00fastria. Mas o pretexto da onda global n\u00e3o necessariamente justifica as medidas\u2019, escreveu o editorialista. \u2018Quando postas em pr\u00e1tica, pol\u00edticas industriais t\u00eam se<br \/>tornado meios recorrentes de favorecer setores politicamente interessantes (ind\u00fastria automotiva ou petrol\u00edfera) e obsess\u00f5es desenvolvimentistas (ind\u00fastria naval ou a produ\u00e7\u00e3o de semicondutores nacionais)\u2019, escreveu. A despeito da rea\u00e7\u00e3o negativa do Globo, a nova pol\u00edtica industrial foi celebrada pela Confedera\u00e7\u00e3o Nacional da Ind\u00fastria e pela Federa\u00e7\u00e3o das Ind\u00fastrias de S\u00e3o Paulo. As duas entidades est\u00e3o trabalhando em parceria com o governo<br \/>para que os objetivos sejam alcan\u00e7ados.\u201d.<\/p><pre>O Globo ora efetua a \u00faltima revis\u00e3o de seu manual de entreguismo e vira-latismo ...<\/pre><p>&#8211; <strong>\u201cBNDES reduz juros para incentivar descarboniza\u00e7\u00e3o da frota naval brasileira\u201d \u2013 24 JAN\/2024<\/strong>.\u00a0 <br \/>\u201c&#8230; O Banco Nacional de Desenvolvimento Econ\u00f4mico e Social (BNDES) anunciou nesta quarta-feira que ir\u00e1 reduzir a taxa de juros para projetos navais que comprovem a redu\u00e7\u00e3o [do] efeito estufa. Projetos de constru\u00e7\u00e3o de novas embarca\u00e7\u00f5es podem ter uma<br \/>redu\u00e7\u00e3o de at\u00e9 0,24 ponto percentual na taxa de juros; &#8230; . \u2018Nossa expectativa \u00e9 de 2 bilh\u00f5es de reais para constru\u00e7\u00e3o naval por meio do Fundo da Marinha Mercante (FMM), gerido pelo BNDES\u2019, afirmou o presidente do banco, Aloizio Mercadante&#8230; Ele acrescentou que, a<br \/>partir de 2030, haver\u00e1 multa entre 50 a 500 d\u00f3lares por tonelada para embarca\u00e7\u00f5es sem combust\u00edvel sustent\u00e1vel. \u2018Os pa\u00edses que n\u00e3o se atualizarem perder\u00e3o competitividade internacional. Temos de sair na frente, &#8230; nos antecipar: o Brasil tem etanol e biocombust\u00edvel<br \/>para ser l\u00edder na renova\u00e7\u00e3o da frota mar\u00edtima.\u2019 Outra novidade foi a possibilidade de inclus\u00e3o de projetos relacionados a recursos h\u00eddricos &#8230; o que \u2018promete proporcionar mecanismos mais amplos para a estrutura\u00e7\u00e3o de projetos ligados \u00e0 economia azul, com a<br \/>menor taxa do Fundo, de 1% ao ano\u2019. O BNDES tamb\u00e9m refor\u00e7ou que seu programa voltado \u00e0 inova\u00e7\u00e3o &#8230; est\u00e1 aberto para dar suporte \u00e0s ind\u00fastrias relacionadas \u00e0 economia azul. &#8230; em outra frente de est\u00edmulo, ressaltou a disposi\u00e7\u00e3o de linhas espec\u00edficas com prazos<br \/>de financiamento que podem chegar a at\u00e9 34 anos para apoiar os cerca de 45 bilh\u00f5es de reais previstos em investimentos do novo Programa de Acelera\u00e7\u00e3o do Crescimento (PAC) no setor, &#8230; . Os an\u00fancios foram feitos durante lan\u00e7amento da iniciativa BNDES Azul para apresentar a nova frente estrat\u00e9gica da institui\u00e7\u00e3o, que envolve investimento em pesquisas na costa brasileira, o fortalecimento da ind\u00fastria naval e o incentivo \u00e0 descarboniza\u00e7\u00e3o da frota mar\u00edtima.<\/p><pre>As iniciativas em prol do renascimento da ind\u00fastria de constru\u00e7\u00e3o naval no Brasil s\u00e3o de import\u00e2ncia capital para o Pa\u00eds e n\u00e3o s\u00f3 em termos estrat\u00e9gicos; em termos de for\u00e7a de trabalho, o setor chegou a contar com mais de 80 mil empregados, em 2014, valor que se reduziu a cerca de 15 mil, em 2020. Como a maioria dos estaleiros situa-se no Rio de Janeiro, o Estado ser\u00e1 particularmente beneficiado.<\/pre><p><strong>&#8211; \u201cGoverno Lula lan\u00e7a bolsa de R$ 9.200 por aluno para perman\u00eancia de estudantes no Ensino M\u00e9dio\u201d \u2013 26 JAN\/2024.<br \/><\/strong>\u201cPresidente assinou decreto que regulamenta o programa P\u00e9-de-Meia e prev\u00ea poupan\u00e7a para at\u00e9 2,5 milh\u00f5es de estudantes de baixa renda.\u201d<\/p><pre><strong>Observa\u00e7\u00e3o<\/strong>: para maiores detalhes sobre cada artigo indicado \u2013 efetuar busca pelo Google, com o seu t\u00edtulo.<\/pre><p>\u00a0<\/p>\t\t\t\t\t\t\t\t<\/div>\n\t\t\t\t<\/div>\n\t\t\t\t\t<\/div>\n\t\t<\/div>\n\t\t\t\t\t<\/div>\n\t\t<\/section>\n\t\t\t\t<\/div>\n\t\t","protected":false},"excerpt":{"rendered":"<p>Prezados Amigos\/Leitores, Ao iniciar as presentes \u201cReconstru\u00e7\u00f5es &#8230; \u201c contava enviar as mensagens da s\u00e9rie a intervalos trimestrais e n\u00e3o mais mensais, como na s\u00e9rie anterior \u2013 os \u201cDesmontes do Estado Brasileiro e da Soberania Nacional\u201d, que teve 87 edi\u00e7\u00f5es (em desmonte.net). De fato, \u00e9 sempre mais lento reconstruir (Lula) do que destruir (Temer &amp; &hellip; <a href=\"http:\/\/desmontedoestado.com\/?p=964\" class=\"more-link\">Continue lendo<span class=\"screen-reader-text\"> &#8220;A Reconstru\u00e7\u00e3o do Pa\u00eds n\u00ba 6 &#8211; Um janeiro movimentado \u2026&#8221;<\/span><\/a><\/p>\n","protected":false},"author":2,"featured_media":0,"comment_status":"open","ping_status":"open","sticky":false,"template":"","format":"standard","meta":{"footnotes":""},"categories":[15],"tags":[13,12,9,14,8,10,7,11],"class_list":["post-964","post","type-post","status-publish","format-standard","hentry","category-reconstrucao-do-pais","tag-bndes","tag-bolsonaro","tag-desenvolvimento","tag-desmonte","tag-governo-lula","tag-lula","tag-reconstrucao-do-pais","tag-temer"],"_links":{"self":[{"href":"http:\/\/desmontedoestado.com\/index.php?rest_route=\/wp\/v2\/posts\/964","targetHints":{"allow":["GET"]}}],"collection":[{"href":"http:\/\/desmontedoestado.com\/index.php?rest_route=\/wp\/v2\/posts"}],"about":[{"href":"http:\/\/desmontedoestado.com\/index.php?rest_route=\/wp\/v2\/types\/post"}],"author":[{"embeddable":true,"href":"http:\/\/desmontedoestado.com\/index.php?rest_route=\/wp\/v2\/users\/2"}],"replies":[{"embeddable":true,"href":"http:\/\/desmontedoestado.com\/index.php?rest_route=%2Fwp%2Fv2%2Fcomments&post=964"}],"version-history":[{"count":3,"href":"http:\/\/desmontedoestado.com\/index.php?rest_route=\/wp\/v2\/posts\/964\/revisions"}],"predecessor-version":[{"id":968,"href":"http:\/\/desmontedoestado.com\/index.php?rest_route=\/wp\/v2\/posts\/964\/revisions\/968"}],"wp:attachment":[{"href":"http:\/\/desmontedoestado.com\/index.php?rest_route=%2Fwp%2Fv2%2Fmedia&parent=964"}],"wp:term":[{"taxonomy":"category","embeddable":true,"href":"http:\/\/desmontedoestado.com\/index.php?rest_route=%2Fwp%2Fv2%2Fcategories&post=964"},{"taxonomy":"post_tag","embeddable":true,"href":"http:\/\/desmontedoestado.com\/index.php?rest_route=%2Fwp%2Fv2%2Ftags&post=964"}],"curies":[{"name":"wp","href":"https:\/\/api.w.org\/{rel}","templated":true}]}}