{"id":229,"date":"2020-11-19T16:59:01","date_gmt":"2020-11-19T19:59:01","guid":{"rendered":"http:\/\/main702202.dominiotemporario.com\/?p=229"},"modified":"2020-11-19T17:09:00","modified_gmt":"2020-11-19T20:09:00","slug":"desmonte-no-55","status":"publish","type":"post","link":"https:\/\/desmontedoestado.com\/?p=229","title":{"rendered":"N\u00ba 55: A Quest\u00e3o Militar"},"content":{"rendered":"\t\t<div data-elementor-type=\"wp-post\" data-elementor-id=\"229\" class=\"elementor elementor-229\">\n\t\t\t\t\t\t<section class=\"elementor-section elementor-top-section elementor-element elementor-element-e22a9db elementor-section-boxed elementor-section-height-default elementor-section-height-default\" data-id=\"e22a9db\" data-element_type=\"section\" data-e-type=\"section\">\n\t\t\t\t\t\t<div class=\"elementor-container elementor-column-gap-default\">\n\t\t\t\t\t<div class=\"elementor-column elementor-col-100 elementor-top-column elementor-element elementor-element-f3f188e\" data-id=\"f3f188e\" data-element_type=\"column\" data-e-type=\"column\">\n\t\t\t<div class=\"elementor-widget-wrap elementor-element-populated\">\n\t\t\t\t\t\t<div class=\"elementor-element elementor-element-5d03369 elementor-widget elementor-widget-heading\" data-id=\"5d03369\" data-element_type=\"widget\" data-e-type=\"widget\" data-widget_type=\"heading.default\">\n\t\t\t\t<div class=\"elementor-widget-container\">\n\t\t\t\t\t<h2 class=\"elementor-heading-title elementor-size-default\">A Quest\u00e3o Militar<\/h2>\t\t\t\t<\/div>\n\t\t\t\t<\/div>\n\t\t\t\t\t<\/div>\n\t\t<\/div>\n\t\t\t\t\t<\/div>\n\t\t<\/section>\n\t\t\t\t<section class=\"elementor-section elementor-top-section elementor-element elementor-element-f8c1276 elementor-section-boxed elementor-section-height-default elementor-section-height-default\" data-id=\"f8c1276\" data-element_type=\"section\" data-e-type=\"section\">\n\t\t\t\t\t\t<div class=\"elementor-container elementor-column-gap-default\">\n\t\t\t\t\t<div class=\"elementor-column elementor-col-100 elementor-top-column elementor-element elementor-element-6ac042a\" data-id=\"6ac042a\" data-element_type=\"column\" data-e-type=\"column\">\n\t\t\t<div class=\"elementor-widget-wrap elementor-element-populated\">\n\t\t\t\t\t\t<div class=\"elementor-element elementor-element-6ef099f elementor-widget elementor-widget-text-editor\" data-id=\"6ef099f\" data-element_type=\"widget\" data-e-type=\"widget\" data-widget_type=\"text-editor.default\">\n\t\t\t\t<div class=\"elementor-widget-container\">\n\t\t\t\t\t\t\t\t\t<p style=\"font-weight: 400;\"><strong><em>\u00a0\u00a0 \u00a0 \u00a0 \u00a0 \u00a0 \u00a0 \u00a0 \u00a0 \u00a0 \u00a0 \u00a0 \u00a0 \u00a0 \u00a0 \u00a0 \u00a0 \u00a0 \u00a0 \u00a0<\/em><\/strong><em><strong>Sapere aude<\/strong><\/em><strong>\u00a0\u00a0 (ouse saber) \u2013 tenha a ousadia de fazer uso de seu pr\u00f3prio entendimento.<\/strong><\/p><p style=\"font-weight: 400;\"><em>Prezados leitores e amigos,\u00a0\u00a0\u00a0\u00a0<\/em><\/p><p style=\"font-weight: 400;\"><em>Este Desmonte vai fugir \u00e0 forma padr\u00e3o de encaminhamento, a saber, algumas sum\u00e1rias considera\u00e7\u00f5es\u00a0 e um anexo (os \u201cArtigos Selecionados) contendo o resumo comentado de cerca de dez artigos julgados de maior interesse,\u00a0 vale dizer, mais representativos do Desmonte em curso no Pa\u00eds. Versar\u00e1 sobre a quest\u00e3o militar, como vista pelo autor destas colet\u00e2neas. Mas como pode ser constatado no texto, n\u00e3o se estar\u00e1 fugindo\u00a0<\/em><em>ao\u00a0<\/em><em>Desmonte do Estado Brasileiro &#8230; E os \u201cArtigos Selecionados\u201d que constariam como anexo a este Desmonte 55 seguir\u00e3o em seguida, separadamente.<\/em><\/p><p style=\"font-weight: 400;\"><em>Refletindo sobre o momento atual, ocorre-me que \u00e9 oportuno abordar, com pouco mais de detalhe,\u00a0 a rela\u00e7\u00e3o entre os militares e o governo Bolsonaro que, aparentemente, vai causando desconforto m\u00fatuo cada vez mais significativo.<\/em><\/p><p>Como introdu\u00e7\u00e3o, a\u00a0pergunta: por que os militares, afinal,\u00a0aceitaram (gostosamente ) integrar-se\u00a0 a um\u00a0 governo como o de Bolsonaro?\u00a0Como antecedentes, cabe indicar que, em livro recentemente publicado por Michel Temer, ele admite\u00a0que, desde 2015, esteve em contato pr\u00f3ximo com militares \u2013 incluindo o gen. S\u00e9rgio Etchegoyen e o ent\u00e3o comandante do Ex\u00e9rcito, gen. Villas B\u00f4as \u2013 conspirando para a queda da ent\u00e3o presidente\u00a0Dilma\u00a0(\u201cPT: golpista, Temer confessa que tramou a deposi\u00e7\u00e3o de Dilma\u201d\u00a0\u00a0\u2013\u00a0<a href=\"https:\/\/www.brasil247.com\/poder\/pt-golpista-temer-confessa-que-tramou-a-deposicao-de-dilma\" data-saferedirecturl=\"https:\/\/www.google.com\/url?q=https:\/\/www.brasil247.com\/poder\/pt-golpista-temer-confessa-que-tramou-a-deposicao-de-dilma&amp;source=gmail&amp;ust=1605901497348000&amp;usg=AOvVaw0RhwCNVNi3ey9XhOoHotNL\">https:\/\/www.brasil247.com\/poder\/pt-golpista-temer-confessa-que-tramou-a-deposicao-de-dilma<\/a><u>).<\/u><\/p><p>Em abril de 2018, ainda Villas Boas no Comando\u00a0 do Ex\u00e9rcito, ele fez pronunciamentos contra a concess\u00e3o de habeas corpus que seria\u00a0 julgado pelo\u00a0\u00a0Supremo Tribunal Federal\u00a0no dia seguinte. Em entrevista posterior, confirmou que\u00a0 pretendia \u201cintervir\u201d caso o STF concedesse habeas corpus ao ex-presidente Lula; &#8220;Temos a preocupa\u00e7\u00e3o com a estabilidade, porque o agravamento da situa\u00e7\u00e3o depois cai no nosso colo. \u00c9 melhor prevenir do que remediar&#8221;, disse. Durante o julgamento, (o habeas corpus n\u00e3o foi concedido pela\u00a0 diferen\u00e7a de um voto), o min. Celso de Mello afirmou que\u00a0as declara\u00e7\u00f5es de Villas Boas\u00a0eram &#8220;claramente infringentes do princ\u00edpio da separa\u00e7\u00e3o de poderes&#8221; e &#8220;que parecem prenunciar a retomada, de todo inadmiss\u00edvel, de pr\u00e1ticas estranhas (e lesivas) \u00e0 ortodoxia constitucional&#8221;\u00a0(\u201cGeneral Villas B\u00f4as diz que calculou \u2018intervir\u2019 caso STF desse HC a Lula\u201d\u00a0\u2013\u00a0<a href=\"https:\/\/www.conjur.com.br\/2018-nov-11\/villas-boas-calculou-intervir-stf-hc-lula\" data-saferedirecturl=\"https:\/\/www.google.com\/url?q=https:\/\/www.conjur.com.br\/2018-nov-11\/villas-boas-calculou-intervir-stf-hc-lula&amp;source=gmail&amp;ust=1605901497348000&amp;usg=AOvVaw1sEP0alcuMP2L-aza9iHzy\">https:\/\/www.conjur.com.br\/2018-nov-11\/villas-boas-calculou-intervir-stf-hc-lula<\/a><u>.<\/u><\/p><p>De tais fatos, parece despontar a conclus\u00e3o cristalina: o nosso Ex\u00e9rcito conspirou contra um governo democraticamente eleito e interferiu em decis\u00e3o\u00a0 de nosso mais importante tribunal. Os prop\u00f3sitos podem ter sido considerados nobres, \u00e0 \u00e9poca, mas as a\u00e7\u00f5es decorrentes foram decididamente inconstitucionais e hostis \u00e0 Democracia. A meu ver, tais interfer\u00eancias contribu\u00edram fortemente para a situa\u00e7\u00e3o de descalabro pol\u00edtico e jur\u00eddico em que ainda nos debatemos. Afinal, ou se respeita a Constitui\u00e7\u00e3o ou entramos no regime do vale tudo, por crit\u00e9rios subjetivos.<\/p><p>\u00c9 enorme a responsabilidade dos chefes militares que participaram de tais iniciativas e a Hist\u00f3ria ir\u00e1 julg\u00e1-los com poss\u00edvel severidade.\u00a0Naturalmente, tais atitudes n\u00e3o foram adotadas de afogadilho. Tinham um prop\u00f3sito. E este prop\u00f3sito parece ser a decis\u00e3o militar de participar e influir diretamente na pol\u00edtica nacional, no governo Bolsonaro. Talvez, a raz\u00e3o \u00faltima que os induziu a tal perigoso desiderato tenha sido o receio,\u00a0a meu ver pouco racional, de que a\u00a0 esquerda continuasse\/voltasse\u00a0 ao poder com\u00a0 Lula. Ora, quando a Democracia e as institui\u00e7\u00f5es democr\u00e1ticas estiveram\u00a0 mais amea\u00e7adas? Nos\u00a0 governos Lula\/Dilma ou no do Bolsonaro?<\/p><p style=\"font-weight: 400;\"><em>Ao final,\u00a0 abriu-se uma \u00f3tima janela de oportunidade para que os miltares voltassem a dar as cartas na alta administra\u00e7\u00e3o federal. S\u00e3o milhares de militares,\u00a0 (at\u00e9 da\u00a0 ativa), atrelados ao governo Bolsonaro. E, por mais que tais\u00a0 militares tenham os mais\u00a0 nobres prop\u00f3sitos, a opini\u00e3o p\u00fablica\u00a0 tende a ver em tal crescente ades\u00e3o cada vez mais o interesse pecuni\u00e1rio &#8230; .<\/em><em>\u00a0<\/em><em>Esqueceram-se\u00a0 os militares que, al\u00e7ados a elevados cargos pol\u00edticos,\u00a0 ver-se-iam na conting\u00eancia de serem tratados como pol\u00edticos. E, mormente quando alguns\u00a0de tais\u00a0 cargos\u00a0s\u00e3o ocupados por militares da ativa, suas For\u00e7as de origem s\u00e3o alcan\u00e7adas por eventuais cr\u00edticas\u00a0 sobre eles emitidas em publico.<\/em><\/p><p style=\"font-weight: 400;\"><em>N\u00e3o se pode enganar todos, todo o tempo. E o Ex\u00e9rcito conhece perfeitamente as qualifica\u00e7\u00f5es de Bolsonaro. Segundo a \u201cficha de informa\u00e7\u00f5es\u201d produzida em 1983, pela Diretoria de Cadastro e Avalia\u00e7\u00e3o do minist\u00e9rio, Bolsonaro, ent\u00e3o tenente com 28 anos de idade. \u201cdeu mostras de imaturidade, ao ser atra\u00eddo\u00a0 por empreendimento\u00a0<\/em>de\u00a0<em>\u2018<\/em>garimpo de ouro\u2019.\u00a0<em>Necessita ser colocado em fun\u00e7\u00f5es que exijam esfor\u00e7o e dedica\u00e7\u00e3o, a fim\u00a0 de reorientar sua carreira. Deu demonstra\u00e7\u00f5es de excessiva ambi\u00e7\u00e3o em realizar-se financeira e economicamente\u201d. Segundo um de seus superiores, \u201cBolsonaro tinha permanentemente a ambi\u00e7\u00e3o de liderar os oficiais subalternos, no que foi sempre repelido, tanto em raz\u00e3o do tratamento agressivo dispensado a seus camaradas, como\u00a0 pela falta de l\u00f3gica\u201d<\/em>\u00a0(\u201c<strong>Bolsonaro era agressivo e tinha \u2018excessiva ambi\u00e7\u00e3o\u2019, diz ficha militar\u201d\u00a0<\/strong>\u2013\u00a0 <a href=\"https:\/\/www1.folha.uol.com.br\/poder\/2017\/05\/1884332-bolsonaro-era-agressivo-e-tinha-excessiva-ambicao-diz-ficha-militar.shtml\">ht<em>tps:\/\/www1.folha.uol.com.br\/poder\/2017\/05\/1884332-bolsonaro-era-agressivo-e-tinha-excessiva-ambicao-diz-ficha-militar.shtml <\/em><\/a><strong><em><u>\u00a0)<\/u><\/em><\/strong><\/p><p style=\"font-weight: 400;\"><em>Mesmo com tais elementos de informa\u00e7\u00e3o, o Ex\u00e9rcito decidiu apoiar Bolsonaro.\u00a0<\/em><em>Assumiu-se\u00a0a premissa de\u00a0 que o Presidente, at\u00e9 por sua fraqueza, ap\u00f3s a posse iria fatalmente apoiar-se\u00a0 na orienta\u00e7\u00e3o militar. A\u00a0 estrat\u00e9gia falhou, pois Bolsonaro,\u00a0 depois de quase tr\u00eas d\u00e9cadas como deputado federal, passou a ser muito mais um (mau)pol\u00edtico\u00a0 do que\u00a0 um\u00a0 militar. E ai vai ocorrer um fen\u00f4meno que alguns referem \u00e0 psicologia, terreno em que, por desconhecimento, n\u00e3o irei me aventurar. Mas \u00e9 ineg\u00e1vel\u00a0 a impress\u00e3o que se tem,\u00a0 de que Bolsonaro sente certo\u00a0 prazer \u00a0\u00a0em mostrar\u00a0 que \u00e9 ele quem manda, n\u00e3o hesitando em provocar humilha\u00e7\u00f5es p\u00fablicas a seus antigos chefes ou admitir que o fa\u00e7am, sem interferir.<\/em><\/p><p style=\"font-weight: 400;\"><em>Era de se prever que,\u00a0 cedo ou tarde,\u00a0 iriam se chocar dois\u00a0 modos de ser \u00a0bem distintos: os militares, para que sejam al\u00e7ados aos postos mais elevados da carreira, necessariamente devem ser dotados, em algum grau, de uma vis\u00e3o geopol\u00edtica e geoestrat\u00e9gica. Tal vis\u00e3o \u00e9 incompat\u00edvel com a atual pol\u00edtica externa.\u00a0 Eles tamb\u00e9m, valorizam o combate \u00e0 corrup\u00e7\u00e3o (o que os levam muitas vezes a desdenhar do pol\u00edtico\u00a0 profissional \u2013 embora Bolsonaro tenha sido um deles ! &#8230;). Tais\u00a0<\/em><em>valores os induzem \u00e0 n\u00e3o conformidade\u00a0com\u00a0 manobras visando livrar familiares do presidente dos rigores da Lei e medidas como a aproxima\u00e7\u00e3o desenfreada ao Centr\u00e3o e as consequ\u00eancias derivadas &#8230;<\/em><\/p><p style=\"font-weight: 400;\"><em>Tais choques, entre outros que o espa\u00e7o n\u00e3o permite apresentar, produziram eventos marcantes\u00a0 e desagrad\u00e1veis aos militares. Anteriormente, eles\u00a0 j\u00e1 haviam sido afetados\u00a0<\/em><em>com as defec\u00e7\u00f5es pelo governo\u00a0 de chefes respeitados, em um dos casos (gen. Santos Cruz\u00a0<\/em><em>\u2013 ex-Secret\u00e1rio Geral da Presid\u00eancia da Rep\u00fablica, demitido em junho de 2019),\u00a0\u00a0por press\u00e3o de um dos filhos de Bolsonaro (Carlos)\u00a0 e dos olavistas\u00a0 \u00a0(<strong><u><a href=\"https:\/\/www.bbc.com\/portuguese\/brasil-48631592\" data-saferedirecturl=\"https:\/\/www.google.com\/url?q=https:\/\/www.bbc.com\/portuguese\/brasil-48631592&amp;source=gmail&amp;ust=1605901497348000&amp;usg=AOvVaw1ho_k9kgHZ0n8YRg1Ini42\">https:\/\/www.bbc.com\/portuguese\/brasil-48631592<\/a><\/u><\/strong><u>)<\/u>.\u00a0Em novembro de 2019, foi a vez do gen. Santa Rosa, Chefe da Secretaria de Assuntos Estrat\u00e9gicos,\u00a0 pedir demiss\u00e3o, segundo ele visando antecipar-se \u00e0 \u201cfritura\u201d que ocorre em tais situa\u00e7\u00f5es (\u00a0<\/em><a href=\"https:\/\/gauchazh.clicrbs.com.br\/politica\/noticia\/2020\/10\/rego-barros-e-comparado-a-santos-cruz-ckgv0x2lt001o01jdi6elma4e.htm\" data-saferedirecturl=\"https:\/\/www.google.com\/url?q=https:\/\/gauchazh.clicrbs.com.br\/politica\/noticia\/2020\/10\/rego-barros-e-comparado-a-santos-cruz-ckgv0x2lt001o01jdi6elma4e.htm&amp;source=gmail&amp;ust=1605901497348000&amp;usg=AOvVaw22VTi1zAQ66UtZm-uTUECG\"><em>https:\/\/gauchazh.clicrbs.com.br\/politica\/noticia\/2020\/10\/rego-barros-e-comparado-a-santos-cruz-ckgv0x2lt001o01jdi6elma4e.html<\/em><\/a><em>).\u00a0 Mais recentemente, ocorreu a rumorosa desautoriza\u00e7\u00e3o ao gen. Pazzuelo (da ativa) que,\u00a0\u00a0 antes de assinar a tal carta de inten\u00e7\u00f5es\u00a0 assinalando a compra\u00a0 das 46 milh\u00f5es de vacinas chinesas (Sinovac\/Butantan), certamente consultara previamente o presidente (<strong><u><a href=\"https:\/\/globoplay.globo.com\/v\/8960078\" data-saferedirecturl=\"https:\/\/www.google.com\/url?q=https:\/\/globoplay.globo.com\/v\/8960078&amp;source=gmail&amp;ust=1605901497348000&amp;usg=AOvVaw1tkybFVWzGpVdRgzwhXy-I\">https:\/\/globoplay.globo.com\/v\/8960078<\/a><\/u><\/strong>\/). Pazzuelo foi desautorizado em p\u00fablico e, ainda no hospital, fez a infeliz declara\u00e7\u00e3o de que no governo Bolsonaro\u00a0 \u201c<strong>\u00e9<\/strong><\/em><strong><em>\u00a0\u00a0<\/em><\/strong><strong><em>simples assim<\/em><\/strong><strong><em>:\u00a0<a href=\"https:\/\/gauchazh.clicrbs.com.br\/politica\/noticia\/2020\/10\/um-manda-e-outro-obedece-diz-pazuello-ao-lado-de-bolsonaro-ckgl6p81d000y01jdkc38ld9q.html\" data-saferedirecturl=\"https:\/\/www.google.com\/url?q=https:\/\/gauchazh.clicrbs.com.br\/politica\/noticia\/2020\/10\/um-manda-e-outro-obedece-diz-pazuello-ao-lado-de-bolsonaro-ckgl6p81d000y01jdkc38ld9q.html&amp;source=gmail&amp;ust=1605901497348000&amp;usg=AOvVaw3fJrM6ONvk_qs4VdFRBfNx\">um manda e o outro obedece<\/a><\/em><\/strong><strong>\u201d.\u00a0<\/strong><em>Em r\u00e1pida sequ\u00eancia, coube ao pat\u00e9tico ministro do Meio Ambiente\u00a0<\/em>\u2013<strong>\u00a0<\/strong>.Ricardo Salles\u00a0<em>\u00a0debochar, publicamente,\u00a0 do gen.Braga Netto, Ministro-Chefe do Gabinete\u00a0<strong>Civil<\/strong>\u00a0(um militar no Gabinete Civil?!?) apelidando-o de\u00a0 \u201cMaria Fofoca\u201d. Posteriores desculpas pro forma do Salles n\u00e3o encerraram o epis\u00f3dio.<\/em><\/p><p style=\"font-weight: 400;\"><em>O pr\u00f3prio gen. Santos Cruz, j\u00e1 nomeado anteriormente, contrariando seu perfil discreto, fez publicar artigo, em outubro p. p.,\u00a0\u00a0 que teve muita repercuss\u00e3o (<\/em><a href=\"https:\/\/gauchazh.clicrbs.com.br\/politica\/noticia\/2020\/10\/rego-barros-e-comparado-a-santos-cruz-ckgv0x2lt001o01jdi6elma4e.html\" data-saferedirecturl=\"https:\/\/www.google.com\/url?q=https:\/\/gauchazh.clicrbs.com.br\/politica\/noticia\/2020\/10\/rego-barros-e-comparado-a-santos-cruz-ckgv0x2lt001o01jdi6elma4e.htm&amp;source=gmail&amp;ust=1605901497348000&amp;usg=AOvVaw22VTi1zAQ66UtZm-uTUECG\"><em>https:\/\/gauchazh.clicrbs.com.br\/politica\/noticia\/2020\/10\/rego-barros-e-comparado-a-santos-cruz-ckgv0x2lt001o01jdi6elma4e.html<\/em><\/a><u> <\/u><em>. Nele,\u00a0 Santos Cruz faz constar que \u201cI<\/em><em>nfelizmente, o poder inebria, corrompe e destr\u00f3i\u201d e mais \u201cOs l\u00edderes atuais, ap\u00f3s alcan\u00e7arem suas vit\u00f3rias nos coliseus eleitorais, s\u00e3o tragados pelos coment\u00e1rios babosos dos que o cercam ou pelas demonstra\u00e7\u00f5es alucinadas de seguidores de ocasi\u00e3o&#8221;. E completou: \u201calguns \u2018assessores leais\u2019 deixam de ser respeitados e \u2018outros, abandonados ao longo do caminho, feridos pelas intrigas palacianas\u2019 A autoridade muito rapidamente incorpora a cren\u00e7a de ter sido al\u00e7ada ao Olimpo por decis\u00e3o divina, raz\u00e3o pela qual n\u00e3o precisa e n\u00e3o quer escutar as vaias. N\u00e3o aceita ser contradita. Basta-se a si mesmo. Sua audi\u00e7\u00e3o seletiva acolhe apenas as palmas&#8221;<\/em>\u00a0. (<em>Consta que o artigo mereceu aprova\u00e7\u00e3o no meio militar).<\/em><\/p><p style=\"font-weight: 400;\"><em>O vice-presidente gen. Mour\u00e3o tamb\u00e9m j\u00e1 teve seus choques com Bolsonaro. De uma feita,\u00a0 ao afirmar que \u00e9 l\u00f3gico que as vacinas chinesas ir\u00e3o ser compradas, quando pouco antes Bolsonaro afirmara que n\u00e3o iria adquir\u00ed-las de forma alguma. Em outra ocasi\u00e3o, Mour\u00e3o defendeu uma postura de equil\u00edbrio, caso a elei\u00e7\u00e3o americana fosse depender da Suprema Corte daquele pa\u00eds, contrariando a posi\u00e7\u00e3o de Bolsonaro, de ostensivo apoio a Trump.<\/em><\/p><p style=\"font-weight: 400;\"><em>As informa\u00e7\u00f5es acima n\u00e3o estariam completas sem dois acr\u00e9scimos. Em primeiro lugar, mencionar que alguns dos generais palacianos (Heleno e Fernando Azevedo, Ministro da Defesa, \u00e0 frente) foram de grande valia a Bolsonaro, a seu tempo,\u00a0 quando ele ensaiou uma posi\u00e7\u00e3o de for\u00e7a junto ao STF e ao Congresso, beirando um ato contra a Constitui\u00e7\u00e3o. Em tais momentos, as declara\u00e7\u00f5es \u201cduras\u201d de tais autoridades serviram como ar\u00edetes, visando, aparentemente,\u00a0 intimidar as Institui\u00e7\u00f5es \u201cque estavam saindo dos limites\u201d (como vistos pelo governo&#8230;). Finalmente, indica-se que a vit\u00f3ria praticamente assegurada de Biden, nos EUA,\u00a0 vai valorizar a ala militar do governo com concomitante deprecia\u00e7\u00e3o\u00a0 da\u00a0 influ\u00eancia de Olavo de Carvalho e da ala mais radical e ideol\u00f3gica do governo. (Talvez os mins. Ara\u00fajo e Salles j\u00e1 devam ir cogitando de limpar suas escrivaninhas &#8230;)<\/em><\/p><p style=\"font-weight: 400;\"><em>\u00a0<\/em><em>\u00c9 nesse ponto que ora estamos. V\u00e1rios analistas assinalam a\u00a0 insatisfa\u00e7\u00e3o nas hostes militares com as atitudes e a\u00e7\u00f5es desrespeitosas\u00a0 do presidente e de alguns de seu c\u00edrculo mais chegado\u00a0 em rela\u00e7\u00e3o ao militares do governo. Outros j\u00e1 adiantam que os militares ora cogitam afastar-se do governo.\u00a0<\/em><em>(Ver por\u00a0<strong><u>exemplo\u00a0\u00a0<\/u><\/strong><\/em><a href=\"https:\/\/noticias.uol.com.br\/colunas\/chico-alves\/2020\/10\/31\/parceria-dos-generais-com-governo-bolsonaro-esta-por-um-fio.htm\" data-saferedirecturl=\"https:\/\/www.google.com\/url?q=https:\/\/noticias.uol.com.br\/colunas\/chico-alves\/2020\/10\/31\/parceria-dos-generais-com-governo-bolsonaro-esta-por-um-fio.htm&amp;source=gmail&amp;ust=1605901497348000&amp;usg=AOvVaw3mNI0NI1IYerLwI3a0u8B7\"><em>https:\/\/noticias.uol.com.br\/colunas\/chico-alves\/2020\/10\/31\/parceria-dos-generais-com-governo-bolsonaro-esta-por-um-fio.htm<\/em><\/a><strong><em><u>).\u00a0<\/u><\/em><\/strong><em>Mas como faz\u00ea-lo?\u00a0 Dependendo\u00a0 de como ocorra o afastamento, acaba o governo, de\u00a0 tal sorte est\u00e1 sustentado pela participa\u00e7\u00e3o militar em todos os escal\u00f5es, por mais afastados que estejam das atividades castrenses de origem (mormente\u00a0 no Min da Sa\u00fade! &#8230;)<\/em><\/p><p style=\"font-weight: 400;\"><em>\u00a0<\/em><em>De minha parte ficaria muito feliz se ocorresse tal afastamento. \u00c9 minha convic\u00e7\u00e3o que a participa\u00e7\u00e3o maci\u00e7a dos militares\u00a0 no governo\u00a0 Bolsonaro j\u00e1 est\u00e1 acarretando\u00a0 s\u00e9rio desgaste ao conceito que a popula\u00e7\u00e3o\u00a0 nutre pelas suas For\u00e7as Armadas. E quanto mais demorar tal afastamento, maior ser\u00e1 tal desgaste. Simples\u00a0 assim!<\/em><\/p>\t\t\t\t\t\t\t\t<\/div>\n\t\t\t\t<\/div>\n\t\t\t\t\t<\/div>\n\t\t<\/div>\n\t\t\t\t\t<\/div>\n\t\t<\/section>\n\t\t\t\t<\/div>\n\t\t","protected":false},"excerpt":{"rendered":"<p>A Quest\u00e3o Militar &nbsp;&nbsp; &nbsp; &nbsp; &nbsp; &nbsp; &nbsp; &nbsp; &nbsp; &nbsp; &nbsp; &nbsp; &nbsp; &nbsp; &nbsp; &nbsp; &nbsp; &nbsp; &nbsp; &nbsp;Sapere aude&nbsp;&nbsp; (ouse saber) \u2013 tenha a ousadia de fazer uso de seu pr\u00f3prio entendimento. Prezados leitores e amigos,&nbsp;&nbsp;&nbsp;&nbsp; Este Desmonte vai fugir \u00e0 forma padr\u00e3o de encaminhamento, a saber, algumas sum\u00e1rias considera\u00e7\u00f5es&nbsp; e &hellip; <a href=\"https:\/\/desmontedoestado.com\/?p=229\" class=\"more-link\">Continue lendo<span class=\"screen-reader-text\"> &#8220;N\u00ba 55: A Quest\u00e3o Militar&#8221;<\/span><\/a><\/p>\n","protected":false},"author":2,"featured_media":0,"comment_status":"open","ping_status":"open","sticky":false,"template":"","format":"standard","meta":{"footnotes":""},"categories":[1],"tags":[],"class_list":["post-229","post","type-post","status-publish","format-standard","hentry","category-uncategorized"],"_links":{"self":[{"href":"https:\/\/desmontedoestado.com\/index.php?rest_route=\/wp\/v2\/posts\/229","targetHints":{"allow":["GET"]}}],"collection":[{"href":"https:\/\/desmontedoestado.com\/index.php?rest_route=\/wp\/v2\/posts"}],"about":[{"href":"https:\/\/desmontedoestado.com\/index.php?rest_route=\/wp\/v2\/types\/post"}],"author":[{"embeddable":true,"href":"https:\/\/desmontedoestado.com\/index.php?rest_route=\/wp\/v2\/users\/2"}],"replies":[{"embeddable":true,"href":"https:\/\/desmontedoestado.com\/index.php?rest_route=%2Fwp%2Fv2%2Fcomments&post=229"}],"version-history":[{"count":5,"href":"https:\/\/desmontedoestado.com\/index.php?rest_route=\/wp\/v2\/posts\/229\/revisions"}],"predecessor-version":[{"id":234,"href":"https:\/\/desmontedoestado.com\/index.php?rest_route=\/wp\/v2\/posts\/229\/revisions\/234"}],"wp:attachment":[{"href":"https:\/\/desmontedoestado.com\/index.php?rest_route=%2Fwp%2Fv2%2Fmedia&parent=229"}],"wp:term":[{"taxonomy":"category","embeddable":true,"href":"https:\/\/desmontedoestado.com\/index.php?rest_route=%2Fwp%2Fv2%2Fcategories&post=229"},{"taxonomy":"post_tag","embeddable":true,"href":"https:\/\/desmontedoestado.com\/index.php?rest_route=%2Fwp%2Fv2%2Ftags&post=229"}],"curies":[{"name":"wp","href":"https:\/\/api.w.org\/{rel}","templated":true}]}}