{"id":661,"date":"2022-06-01T21:14:42","date_gmt":"2022-06-02T00:14:42","guid":{"rendered":"http:\/\/desmontedoestado.com\/?p=661"},"modified":"2022-08-05T23:18:57","modified_gmt":"2022-08-06T02:18:57","slug":"no-78-a-possivel-manipulacao-da-crise-economica-em-prol-dos-interesses-golpistas-de-bolsonaro","status":"publish","type":"post","link":"https:\/\/desmontedoestado.com\/?p=661","title":{"rendered":"n\u00ba 78: A poss\u00edvel manipula\u00e7\u00e3o da crise econ\u00f4mica em prol dos interesses golpistas de Bolsonaro"},"content":{"rendered":"\t\t<div data-elementor-type=\"wp-post\" data-elementor-id=\"661\" class=\"elementor elementor-661\">\n\t\t\t\t\t\t<section class=\"elementor-section elementor-top-section elementor-element elementor-element-ae1db48 elementor-section-boxed elementor-section-height-default elementor-section-height-default\" data-id=\"ae1db48\" data-element_type=\"section\" data-e-type=\"section\">\n\t\t\t\t\t\t<div class=\"elementor-container elementor-column-gap-default\">\n\t\t\t\t\t<div class=\"elementor-column elementor-col-100 elementor-top-column elementor-element elementor-element-b829861\" data-id=\"b829861\" data-element_type=\"column\" data-e-type=\"column\">\n\t\t\t<div class=\"elementor-widget-wrap elementor-element-populated\">\n\t\t\t\t\t\t<div class=\"elementor-element elementor-element-772e339 elementor-widget elementor-widget-text-editor\" data-id=\"772e339\" data-element_type=\"widget\" data-e-type=\"widget\" data-widget_type=\"text-editor.default\">\n\t\t\t\t<div class=\"elementor-widget-container\">\n\t\t\t\t\t\t\t\t\t<p style=\"font-weight: 400;\">Caros amigos\/leitores,<\/p><p style=\"font-weight: 400;\">Com a proximidade das elei\u00e7\u00f5es, estimo que a diversidade de assuntos que mere\u00e7am ser abordados nos Desmontes v\u00e1 aumentar, E tais colet\u00e2neas j\u00e1 s\u00e3o algo extensas &#8230; Inicio, com este documento, nova forma de apresenta\u00e7\u00e3o que pode repetir-se, fun\u00e7\u00e3o da receptividade de meus pacientes leitores. Ser\u00e3o escolhidos um ou dois assuntos julgados de maior relev\u00e2ncia, que passar\u00e3o a integrar virtuais <strong>desmontes\u00a0tem\u00e1ticos<\/strong>. Neste documento ser\u00e1 bordado apenas um, que denominei \u201c<strong>A poss\u00edvel manipula\u00e7\u00e3o da crise econ\u00f4mica em prol dos interesses golpistas de Bolsonaro!\u201d.<\/strong><\/p><p style=\"font-weight: 400;\">Certamente, a maior motiva\u00e7\u00e3o para os desvarios golpistas de Bolsonaro se refere ao medo do peso da justi\u00e7a que sobre ele (e sobre sua pouco nobre estirpe) recair\u00e1 no momento em que se afastar da presid\u00eancia e n\u00e3o mais contar com a prote\u00e7\u00e3o quase maternal de Aras e de Lira.\u00a0 \u00c9, portanto,\u00a0 quest\u00e3o vital n\u00e3o perder a elei\u00e7\u00e3o!\u00a0 Bolsonaro tem a seu desfavor (entre outros tantos fatores &#8230;)\u00a0 a inexist\u00eancia de um programa de governo que tivesse dado rumo \u00e0 economia do Pa\u00eds e \u00e0 sua gest\u00e3o. De fato, a agenda neoliberal que abra\u00e7ou\u00a0 \u2013 j\u00e1 considerada ultrapassada alhures \u2013\u00a0\u00a0 na base da diminui\u00e7\u00e3o do Estado, no\u00a0 arrocho aos direitos trabalhistas e na\u00a0 venda de ativos (at\u00e9 estrat\u00e9gicos) em privatiza\u00e7\u00f5es concretizadas muitas vezes na bacia das almas, revelou-se um desastre. N\u00e3o\u00a0 existem realiza\u00e7\u00f5es nem obras a exaltar. Assim, tamb\u00e9m inexistem argumentos para contrabalan\u00e7ar, junto \u00e0 popula\u00e7\u00e3o, a crise econ\u00f4mica cada vez mais grave\u00a0 que assola\u00a0 a todos, mas afeta principalmente\u00a0 os mais necessitados,\u00a0 Ao contr\u00e1rio, aumenta a percep\u00e7\u00e3o da popula\u00e7\u00e3o sobre os males da infla\u00e7\u00e3o, do aumento de custo dos g\u00eaneros de primeira necessidade e da gasolina e\u00a0 g\u00e1s, para ficarmos somente por ai. O desemprego praticamente n\u00e3o diminuiu ao longo de seu governo e caiu a renda do trabalhador.\u00a0 \u00c9 certo que a pandemia e a atual guerra\u00a0 R\u00fassia versus\u00a0 Ucr\u00e2nia afetaram\u00a0 o desempenho econ\u00f4mico. Mas tais percal\u00e7os est\u00e3o longe de\u00a0 absolver o governo,<\/p><p style=\"font-weight: 400;\">A respeito da atual situa\u00e7\u00e3o econ\u00f4mica, tomo emprestado alguns dados constantes na Carta Capital (Anexo, item 4), comparando a situa\u00e7\u00e3o em DEZ 18 com a de FEV 22 (fontes \u2013 IBGE, Dieese e Ag. Nac do Petr\u00f3leo):\u00a0 &#8211; <em>Renda m\u00ednima dos trabalhadores<\/em>, em reais \u2013 2.705\u00a0 x\u00a0 2.511 :\u00a0<em>Desemprego<\/em>\u00a0(milh\u00f5es de pessoas) \u2013 14,9 x 14,7;\u00a0<em>Infla\u00e7\u00e3o<\/em>\u00a0(em %) \u2013 3,7 x 10 (a infla\u00e7\u00e3o\u00a0\u00a0bateu recorde em abril e j\u00e1 ultrapassa 12% em um ano);\u00a0<em>Custo da cesta b\u00e1sica<\/em>\u00a0(em reais e na cidade de S\u00e3o Paulo\u00a0\u2013\u00a0471,44 (53% do sal\u00e1rio m\u00ednimo \u2013 SM)\u00a0 x 761,19 (67% do SM); e\u00a0<em>Pre\u00e7o m\u00e9dio do litro de gasolina<\/em>, em reais \u2013\u00a0 4,3\u00a0 x 7,2.<\/p><p style=\"font-weight: 400;\">Com base em informa\u00e7\u00f5es advindas da Pesquisa Genial \/ Quaest (abril 22), verifica-se que, em porcentagens da popula\u00e7\u00e3o,\u00a0 46 % acham que o principal problema do Pa\u00eds \u00e9 a economia; 98 % sentiram\u00a0 o aumento dos pre\u00e7os, nos \u00faltimos meses; 74% acham que os pre\u00e7os v\u00e3o continuar aumentando; e\u00a0 59% sentiram que piorou a condi\u00e7\u00e3o de pagar as contas nos \u00faltimos tr\u00eas meses.<\/p><p style=\"font-weight: 400;\">Cabe destacar, a respeito,\u00a0 que\u00a019 milh\u00f5es de brasileiros vivem com fome, do que resultam irrevers\u00edveis consequ\u00eancias na sa\u00fade e que\u00a0\u00a0116 milh\u00f5es de pessoas vivem em situa\u00e7\u00e3o de inseguran\u00e7a alimentar no Brasil, com nefastos preju\u00edzos,\u00a0 principalmente para crian\u00e7as\u00a0(Anexo,\u00a0 itens 1 e 2). O Brasil, que sa\u00edra do vergonhoso Mapa da Fome elaborado pela FAO em 2014,\u00a0 voltou a nele constar em 2020!<\/p><p style=\"font-weight: 400;\">Por tudo, forma-se a opini\u00e3o de que v\u00e1rias das patetices bomb\u00e1sticas de Bolsonaro, al\u00e9m de buscar manter aceso o belicismo de seus adeptos, visam, tamb\u00e9m, desviar a aten\u00e7\u00e3o da popula\u00e7\u00e3o\u00a0 sobre\u00a0 a gravidade da situa\u00e7\u00e3o econ\u00f4mica\u00a0 que atravessamos e que tende a agravar-se ainda mais, haja vista, entre outros fatores, o\u00a0 aumento que acaba de ocorrer\u00a0 no pre\u00e7o do diesel (Anexo, Item 5).\u00a0 (Em rela\u00e7\u00e3o \u00e0 Petrobras, as reclama\u00e7\u00f5es do presidente sobre a pol\u00edtica de pre\u00e7os adotada pela\u00a0 Empresa\u00a0\u2013\u00a0como se ele fosse um cidad\u00e3o comum\u00a0\u2013,\u00a0 buscando retirar de si a responsabilidade maior pela situa\u00e7\u00e3o que lhe cabe. \u00e9 decididamente pat\u00e9tica e de monumental hipocrisia! E o \u201cgado\u201d acredita!<\/p><p style=\"font-weight: 400;\">Ora, tudo est\u00e1 a indicar que n\u00e3o h\u00e1 \u201cmito\u201d que resista a tais dados, acrescendo que as parcelas mais desprovidas da sociedade s\u00e3o mais imunes a influ\u00eancias ideol\u00f3gicas. Como poderiam? Seu problema b\u00e1sico\u00a0\u2013\u00a0para muitos \u2013 \u00e9 ter comida na mesa para si e fam\u00edlia!<\/p><p style=\"font-weight: 400;\">Infelizmente para o Pa\u00eds, os fatos indicados fazem supor que a tentativa de golpe como sa\u00edda de\u00a0 Bolsonaro ante a derrota que se antev\u00ea \u00e9 possibilidade\u00a0 (alta probabilidade) que faz muito sentido, mesmo porque n\u00e3o h\u00e1 forma de reverter a situa\u00e7\u00e3o econ\u00f4mica no tempo de governo que lhe resta, por mais que espalhe benesses financeiras\u00a0 em desesperados esfor\u00e7os finais. Muito se tem abordado\u00a0 sobre a \u201cfalta de confiabilidade\u201d das urnas eletr\u00f4nicas como motivo a ser alegado para a quebra da normalidade democr\u00e1tica. Ora, para que o argumento venha a ter alguma credibilidade, ser\u00e1 necess\u00e1rio o exerc\u00edcio do voto nas elei\u00e7\u00f5es e a derrota de Bolsonaro que se delineia cada vez com maior clareza. (Certamente, no caso de uma vit\u00f3ria muito improv\u00e1vel de Bolsonaro, imediatamente as urnas passariam a merecer toda confian\u00e7a &#8230;). Mas n\u00e3o est\u00e1\u00a0 merecendo maior e justificado destaque a possibilidade da tentativa de golpe apoiar-se em causas econ\u00f4micas; de Bolsonaro buscar exatamente manipular a gravidade da situa\u00e7\u00e3o\u00a0 da economia para fins\u00a0 de atingimento de seus intuitos. Paradoxo? Sim, mas que faz sentido. Vejo, a respeito, n\u00e3o apenas uma, mas duas possibilidades:<\/p><p style=\"font-weight: 400;\">&#8211; uma onda insuflada de invas\u00e3o a supermercados, com saques e agita\u00e7\u00e3o subsequente (milicianos e redes sociais); e<\/p><p style=\"font-weight: 400;\">&#8211; nova greve geral de caminhoneiros (ver, a respeito, o Anexo item 7), \u00e0 semelhan\u00e7a da ocorrida em maio de 2018 que foi comprovadamente insuflada pelo mesmo Bolsonaro. Com bloqueio de estradas, amea\u00e7as ao abastecimento e poss\u00edveis agita\u00e7\u00f5es decorrentes. (Para tal, seria bem explorada a vers\u00e3o de que Bolsonaro nada tem a ver com os aumentos de diesel e demais combust\u00edveis, tudo culpa exclusiva da Petrobras &#8230;).<\/p><p style=\"font-weight: 400;\">Em qualquer dos casos, seria fact\u00edvel ao governo invocar a necessidade de uma GLO\u00a0 (opera\u00e7\u00e3o de garantia da lei e da ordem) colocando a tropa na rua. Mas quando ela sairia de l\u00e1? Dependendo do timing, as elei\u00e7\u00f5es poderiam ser diretamente afetadas, em primeiro momento, sendo ainda poss\u00edvel uma evolu\u00e7\u00e3o para o atentado ao Estado de Direito. Como sabido, outra possibilidade, constitucional (Art. 136), seria a decreta\u00e7\u00e3o do Estado de Defesa, que depende apenas do presidente, ouvidos o Conselho da Rep\u00fablica e o Conselho de Defesa Nacional. (Para a decreta\u00e7\u00e3o do Estado de S\u00edtio \u2013 Art. 137,\u00a0 \u00e9 necess\u00e1ria a autoriza\u00e7\u00e3o pr\u00e9via do Congresso).<\/p><p style=\"font-weight: 400;\">\u00a0 Parece que tais alternativas s\u00e3o mais favor\u00e1veis a Bolsonaro caso ele, por alguma circunst\u00e2ncia, decidir tentar sua \u00faltima cartada antes das elei\u00e7\u00f5es.<\/p><p style=\"font-weight: 400;\">A respeito, um coment\u00e1rio final, algo chocante: como nos acostumamos com as desgra\u00e7as dos outros! D\u00e1 para imaginar que entre os compatriotas nossos, cerca de um d\u00e9cimo\u00a0<u>passa fome<\/u> em pa\u00eds que\u00a0\u00e9 o \u201cceleiro do mundo\u201d,\u00a0<strong>o maior exportador mundial de carne bovina\u00a0<\/strong>e o quarto maior produtor de gr\u00e3os!?\u00a0<strong>\u00a0<\/strong>\u00c9 ainda em tal Pa\u00eds que quase 60% da popula\u00e7\u00e3o sofrem de\u00a0<u>insufici\u00eancia alimentar<\/u>!\u00a0\u00a0\u00a0\u00a0<\/p><p style=\"font-weight: 400;\">Agrade\u00e7o colabora\u00e7\u00e3o recebida e os coment\u00e1rios favor\u00e1veis aos\u00a0Desmontes\u00a0recebidos de amigos mais condescendentes&#8230;<\/p><p style=\"font-weight: 400;\">Aceitem o cordial abra\u00e7o, como sempre, do<\/p><p style=\"font-weight: 400;\"><strong>Luiz Philippe da Costa Fernandes<\/strong><\/p>\t\t\t\t\t\t\t\t<\/div>\n\t\t\t\t<\/div>\n\t\t\t\t\t<\/div>\n\t\t<\/div>\n\t\t\t\t\t<\/div>\n\t\t<\/section>\n\t\t\t\t<section class=\"elementor-section elementor-top-section elementor-element elementor-element-6d9f8ce elementor-section-boxed elementor-section-height-default elementor-section-height-default\" data-id=\"6d9f8ce\" data-element_type=\"section\" data-e-type=\"section\">\n\t\t\t\t\t\t<div class=\"elementor-container elementor-column-gap-default\">\n\t\t\t\t\t<div class=\"elementor-column elementor-col-100 elementor-top-column elementor-element elementor-element-fbd6560\" data-id=\"fbd6560\" data-element_type=\"column\" data-e-type=\"column\">\n\t\t\t<div class=\"elementor-widget-wrap elementor-element-populated\">\n\t\t\t\t\t\t<div class=\"elementor-element elementor-element-a151993 elementor-widget elementor-widget-text-editor\" data-id=\"a151993\" data-element_type=\"widget\" data-e-type=\"widget\" data-widget_type=\"text-editor.default\">\n\t\t\t\t<div class=\"elementor-widget-container\">\n\t\t\t\t\t\t\t\t\t<p><strong>ARTIGOS SELECIONADOS PARA O DESMONTE N\u00ba 78<\/strong><\/p><h3>ANEXO:<\/h3><p><strong>\u00a0\u00a0\u00a0\u00a0\u00a0<\/strong><strong>1 &#8211;<\/strong> \u201c<strong>Brasil 2020: de volta ao mapa da fome\u201d <\/strong><strong>\u2013<\/strong><strong> Elmar Bones\u00a0\u00a0\u00a0 <\/strong><strong>\u2013<\/strong><strong> Logo Jornal JA\u00a0 <\/strong><strong>\u2013<\/strong><strong>\u00a0 06ABR 21. <br \/>\u201c<\/strong>O Brasil voltou para o mapa da fome. Nunca saiu, na verdade. Em 2013, quando o pa\u00eds\u00a0 saiu do Mapa da Fome da ONU, o IBGE ainda contava mais de 9 milh\u00f5es de brasileiros passando fome. Agora voltou com tudo. Uma pesquisa divulgada nesta segunda feira, 05, conclui que no Brasil da pandemia 19 milh\u00f5es de pessoas n\u00e3o sabem o que v\u00e3o comer no dia seguinte. Isto \u00e9, em cinco anos cerca de 10 milh\u00f5es de brasileiros entraram para o bloco da fome. Mais grave: os brasileiros em \u201csitua\u00e7\u00e3o de inseguran\u00e7a alimentar\u201d chegam a 116,8 milh\u00f5es. Ou seja, mais da metade da popula\u00e7\u00e3o n\u00e3o tem emprego ou renda para atender suas necessidades b\u00e1sicas, a come\u00e7ar pela comida. Os dados s\u00e3o do\u00a0<strong>Inqu\u00e9rito Nacional <\/strong><strong>sobre Inseguran\u00e7a Alimentar no Contexto da Pandemia da Covid-19 no Brasil<\/strong>, desenvolvido pela<a href=\"http:\/\/pesquisassan.net.br\/\">\u00a0Rede Brasileira de Pesquisa em Soberania e Seguran\u00e7a Alimentar (Rede PENSSAN)<\/a>, como parte do projeto VigiSAN.&#8221;<\/p><pre><em>Observar\u00a0 que o artigo \u00e9 de 2021. Passado um ano, certamente os dados atuais devem ser ainda mais graves.<\/em><\/pre><p><strong>2 &#8211; \u201c<\/strong><strong>19 milh\u00f5es de brasileiros vivem com fome; consequ\u00eancias na sa\u00fade s\u00e3o irrevers\u00edveis\u201d <\/strong><strong>\u2013 <\/strong><strong>Camila Neumam\u00a0 <\/strong><strong>\u2013<\/strong><strong> <em>CNN<\/em> <\/strong><strong>\u2013<\/strong><strong> 28 OUT 21. <br \/><\/strong>Sobre o levantamento da \u00a0Rede Brasileira de Pesquisa em Soberania e Seguran\u00e7a Alimentar j\u00e1 mencionada no item anterior: \u201cH\u00e1 muitas consequ\u00eancias decorrentes da inseguran\u00e7a alimentar e da fome. Segundo especialistas consultados pela\u00a0<strong>CNN Brasil<\/strong>, elas envolvem problemas de sa\u00fade que se transformam em mazelas sociais, econ\u00f4micas e educacionais e podem ser irrevers\u00edveis, sobretudo nas crian\u00e7as. &#8230; \u201c<\/p><p><strong>3 <\/strong>&#8211; <strong>\u201c<\/strong><strong>&#8216;Estamos enfrentando mais da metade da popula\u00e7\u00e3o com algum tipo de inseguran\u00e7a alimentar&#8217;, diz t\u00e9cnica do Dieese\u201d <\/strong><strong>\u00a0\u2013 Gisele Aglieri\u00a0 \u2013 <em>247<\/em> \u2013\u00a0 31 MAR.<br \/><\/strong>\u201c A alta do pre\u00e7o dos alimentos \u00e9 assunto que est\u00e1 presente todos os dias na mesa dos brasileiros, ao passo que cada vez se tem menos produtos nela. O programa Espa\u00e7o Plural &#8211; Debates e Entrevistas convidou [v\u00e1rios especialistas, incluindo]\u00a0 Daniela Sandi, economista t\u00e9cnica do Dieese, respons\u00e1vel por pesquisas, an\u00e1lises e estudos socioecon\u00f4micos&#8230; .\u00a0 no Brasil a situa\u00e7\u00e3o se agrava por ir na contram\u00e3o dos outros pa\u00edses, at\u00e9 mesmo dos desenvolvidos: <strong>&#8216;<\/strong>governo deixou ao sabor do mercado e isso compromete o poder de compra &#8230; esta \u00e9 uma pol\u00edtica ultrapassada<strong>&#8216;<\/strong>, pondera a t\u00e9cnica do Dieese ao citar o abandono por parte do governo de pol\u00edticas econ\u00f4micas importantes, como a manuten\u00e7\u00e3o de estoques reguladores e \u00a0valoriza\u00e7\u00e3o do sal\u00e1rio m\u00ednimo. &#8230; foi lembrado que o atual governo liberou o uso de muitos agrot\u00f3xicos, a maioria deles proibidos nos seus pa\u00edses de origem, dando \u00eanfase \u00e0 falta de outras pol\u00edticas que fossem menos danosas \u00e0 sa\u00fade, como circuitos curtos de produ\u00e7\u00e3o e abastecimento para chegar alimentos de qualidade na mesa do consumidor. \u2018O problema n\u00e3o \u00e9 produ\u00e7\u00e3o agr\u00edcola &#8211; somos um dos maiores produtores do planeta e ao mesmo tempo estamos enfrentando mais da metade da popula\u00e7\u00e3o em alguma situa\u00e7\u00e3o de inseguran\u00e7a alimentar\u2019, revela Daniela.\u201d<\/p><p><strong>4 &#8211; \u201cSem p\u00e3o, com circo\u201d \u2013 Andr\u00e9 Barrocal \u2013 Carta Capital\u00a0 \u2013 04 MAI<\/strong>, <br \/>\u201cDiante das duras condi\u00e7\u00f5es de vida, os festejos do Dia do Trabalho ser\u00e3o um marco contra o governo. Bolsonaro tenta, por\u00e9m, desviar o foco dos problemas reais.\u201d<\/p><p><strong>5<\/strong><strong> &#8211; \u201c<\/strong><strong>Novo reajuste equipara pre\u00e7o do diesel ao da gasolina e j\u00e1 causa efeito cascata\u201d <\/strong><strong>\u2013 <\/strong><strong>Plinio Teodoro <\/strong><strong><em>\u2013 <\/em><\/strong><strong><em>\u00a0\u00a0Forum<\/em><\/strong><strong>\u00a0 <\/strong><strong>\u2013 <\/strong><strong>\u00a010 MAI. <br \/>\u201c<\/strong>Tarifa do transporte p\u00fablico deve ter alta de 15,4% e pre\u00e7o do frete ser\u00e1 repassado a consumidores. Associa\u00e7\u00e3o de importadores pressiona por alta de 11% na gasolina, o que daria um acr\u00e9scimo de R$ 0,93 por litro. O novo aumento de 19% no pre\u00e7o do diesel, que chega \u00e0s bombas nesta ter\u00e7a-feira (10), j\u00e1 equipara o pre\u00e7o do combust\u00edvel usado em grande parte por caminh\u00f5es de transporte no setor de log\u00edstica ao da gasolina em algumas regi\u00f5es do pa\u00eds.\u201d<\/p><p><strong>6 <\/strong><strong>&#8211; \u201c<\/strong><strong>Sob Bolsonaro e Guedes, infla\u00e7\u00e3o bate recorde em abril e j\u00e1 ultrapassa 12% em um ano\u201d\u00a0 <\/strong><strong>\u2013<\/strong> theworldnews <strong>\u2013<\/strong><strong> 11 MAI<\/strong><strong>. <br \/>\u201c<\/strong>Brasil registrou a maior varia\u00e7\u00e3o do IPCA para um m\u00eas de abril desde 1996, h\u00e1 26 anos. Acumulado em 12 meses \u00e9 o maior desde outubro de 2003\u201d<\/p><p><strong><em><u>7<\/u><\/em><\/strong><strong>\u00a0&#8211;<\/strong> \u201c<strong>&#8216;<\/strong><strong>Reajustes de pre\u00e7os se tornaram insustent\u00e1veis&#8217;, diz l\u00edder de caminhoneiros\u201d <\/strong><strong>\u2013<\/strong><strong> <em>247<\/em> \u2013 <\/strong><strong>15 MAI.<br \/><\/strong>\u00a0\u201cO presidente da Frente Parlamentar Mista dos Caminhoneiros Aut\u00f4nomos e Celetistas, deputado federal Nereu Crispim (PSD-RS), criticou neste domingo (14) responsabilizou Jair Bolsonaro (PL) por causa da alta dos combust\u00edveis. Conforme Crispim, os reajustes de pre\u00e7os pela Petrobr\u00e1s se tornaram \u2018insustent\u00e1veis\u2019, e a categoria pode promover paralisa\u00e7\u00f5es nas pr\u00f3ximas semanas.\u201d\u00a0\u00a0\u00a0\u00a0\u00a0<\/p>\t\t\t\t\t\t\t\t<\/div>\n\t\t\t\t<\/div>\n\t\t\t\t\t<\/div>\n\t\t<\/div>\n\t\t\t\t\t<\/div>\n\t\t<\/section>\n\t\t\t\t<\/div>\n\t\t","protected":false},"excerpt":{"rendered":"<p>Caros amigos\/leitores, Com a proximidade das elei\u00e7\u00f5es, estimo que a diversidade de assuntos que mere\u00e7am ser abordados nos Desmontes v\u00e1 aumentar, E tais colet\u00e2neas j\u00e1 s\u00e3o algo extensas &#8230; Inicio, com este documento, nova forma de apresenta\u00e7\u00e3o que pode repetir-se, fun\u00e7\u00e3o da receptividade de meus pacientes leitores. Ser\u00e3o escolhidos um ou dois assuntos julgados de &hellip; <a href=\"https:\/\/desmontedoestado.com\/?p=661\" class=\"more-link\">Continue lendo<span class=\"screen-reader-text\"> &#8220;n\u00ba 78: A poss\u00edvel manipula\u00e7\u00e3o da crise econ\u00f4mica em prol dos interesses golpistas de Bolsonaro&#8221;<\/span><\/a><\/p>\n","protected":false},"author":2,"featured_media":0,"comment_status":"open","ping_status":"open","sticky":false,"template":"","format":"standard","meta":{"footnotes":""},"categories":[1],"tags":[],"class_list":["post-661","post","type-post","status-publish","format-standard","hentry","category-uncategorized"],"_links":{"self":[{"href":"https:\/\/desmontedoestado.com\/index.php?rest_route=\/wp\/v2\/posts\/661","targetHints":{"allow":["GET"]}}],"collection":[{"href":"https:\/\/desmontedoestado.com\/index.php?rest_route=\/wp\/v2\/posts"}],"about":[{"href":"https:\/\/desmontedoestado.com\/index.php?rest_route=\/wp\/v2\/types\/post"}],"author":[{"embeddable":true,"href":"https:\/\/desmontedoestado.com\/index.php?rest_route=\/wp\/v2\/users\/2"}],"replies":[{"embeddable":true,"href":"https:\/\/desmontedoestado.com\/index.php?rest_route=%2Fwp%2Fv2%2Fcomments&post=661"}],"version-history":[{"count":7,"href":"https:\/\/desmontedoestado.com\/index.php?rest_route=\/wp\/v2\/posts\/661\/revisions"}],"predecessor-version":[{"id":797,"href":"https:\/\/desmontedoestado.com\/index.php?rest_route=\/wp\/v2\/posts\/661\/revisions\/797"}],"wp:attachment":[{"href":"https:\/\/desmontedoestado.com\/index.php?rest_route=%2Fwp%2Fv2%2Fmedia&parent=661"}],"wp:term":[{"taxonomy":"category","embeddable":true,"href":"https:\/\/desmontedoestado.com\/index.php?rest_route=%2Fwp%2Fv2%2Fcategories&post=661"},{"taxonomy":"post_tag","embeddable":true,"href":"https:\/\/desmontedoestado.com\/index.php?rest_route=%2Fwp%2Fv2%2Ftags&post=661"}],"curies":[{"name":"wp","href":"https:\/\/api.w.org\/{rel}","templated":true}]}}